{"id":3969,"date":"2023-12-21T13:32:19","date_gmt":"2023-12-21T12:32:19","guid":{"rendered":"https:\/\/pasaenmendoza.com\/?p=3969"},"modified":"2023-12-21T13:32:20","modified_gmt":"2023-12-21T12:32:20","slug":"la-historia-de-la-mujer-acusada-de-matar-a-su-ex-un-ataque-similar-e-internaciones-psiquiatricas","status":"publish","type":"post","link":"https:\/\/pasaenmendoza.com\/?p=3969","title":{"rendered":"La historia de la mujer acusada de matar a su ex: un ataque similar e internaciones psiqui\u00e1tricas"},"content":{"rendered":"\n<p><em>\u201cEskueLA de vioLenxiA anarkO punk\u201d<\/em>, as\u00ed se presenta&nbsp;<strong>Vanesa Noelia Parolo Vera&nbsp;<\/strong>en uno de los varios perfiles que tiene en&nbsp;<strong>Facebook<\/strong>. La mujer de 38 a\u00f1os se entreg\u00f3 la noche en la&nbsp;<strong>Comisar\u00eda 27\u00aa&nbsp;<\/strong>de&nbsp;<strong>Godoy Cruz<\/strong>, horas despu\u00e9s del asesinato de su ex pareja&nbsp;<strong>\u00c1ngel Paolo Rocha Centuri\u00f3n<\/strong>, por el que era intensamente buscada.<\/p>\n\n\n\n<p>Al igual que la v\u00edctima, la sospechosa tuvo varios pasos por la c\u00e1rcel, antecedentes por diferentes delitos y hasta internaciones psiqui\u00e1tricas a ra\u00edz de sus detenciones. En las redes sociales milita el movimiento anarquista y exhib\u00eda una vida al margen de las convenciones sociales.<\/p>\n\n\n\n<p>Lo cierto es que la mujer, quien es madre de un hijo adolescente, qued\u00f3 a disposici\u00f3n de la fiscal\u00a0<strong>Claudia R\u00edos<\/strong>, quien\u00a0<mark>este mi\u00e9rcoles la imput\u00f3 por<strong>\u00a0homicidio agravado por el v\u00ednculo<\/strong>, que prev\u00e9 como \u00fanica pena la\u00a0<strong>prisi\u00f3n perpetua<\/strong><\/mark>.<\/p>\n\n\n\n<p>Pero no es la primera vez que Parolo, domiciliada en calle Huarpes de la localidad godoicruce\u00f1a de&nbsp;<strong>Villa del Parque<\/strong>, es acusada por un hecho de gravedad.&nbsp;<mark>El 27 diciembre de 2008 qued\u00f3 en la mira por una agresi\u00f3n con arma blanca contra otro novio<\/mark>.<\/p>\n\n\n\n<p>La ataque dej\u00f3 en grave estado al hombre y Parolo termin\u00f3 detenida en noviembre de 2009. El entonces fiscal departamental\u00a0<strong>Tom\u00e1s Guevara<\/strong>\u00a0(actualmente en la Unidad Fiscal Correccional) la imput\u00f3 por\u00a0<strong>homicidio simple en grado de tentativa<\/strong>, pero debi\u00f3 ser internada en el\u00a0<strong>Hospital El Sauce<\/strong>, por el estado emocional que presentaba.<\/p>\n\n\n\n<p>Posteriormente, volvi\u00f3 a pasar por ese nosocomio neuropsiqui\u00e1trico en enero de 2010, aunque luego volver\u00eda a la c\u00e1rcel de mujeres de\u00a0<strong>El Borboll\u00f3n<\/strong>, donde permanecer\u00eda hasta el 5 de agosto de ese a\u00f1o, cuando\u00a0<mark>la\u00a0<strong>Tercera C\u00e1mara del Crimen<\/strong>\u00a0la conden\u00f3 a tres a\u00f1os de c\u00e1rcel por el intento de asesinato y una causa de\u00a0<strong>robo simple\u00a0<\/strong>que se le acumul\u00f3<\/mark>.<\/p>\n\n\n\n<p>Debido al tiempo que llevaba tras las rejas, Parolo fue liberada ese mismo d\u00eda y desde ese entonces se mantuvo sin roces con la Justicia a lo largo de siete a\u00f1os.<\/p>\n\n\n\n<p>Fue reci\u00e9n a fines de diciembre de 2017 cuando&nbsp;<mark>volvi\u00f3 a caer en las garras policiales por una denuncia de amenazas y regres\u00f3 a El Borboll\u00f3n<\/mark>. Menos de dos meses m\u00e1s tarde, febrero de 2018, el Juzgado Correccional N\u00ba 1 la conden\u00f3 a seis meses de c\u00e1rcel y le dict\u00f3 la reincidencia.<\/p>\n\n\n\n<p>Pese a que el 2 de marzo de ese a\u00f1o le dieron el beneficio de la detenci\u00f3n domiciliaria, se lo revocaron tan s\u00f3lo 24 d\u00edas despu\u00e9s. Luego, en abril, purg\u00f3 la pena y regres\u00f3 a las calles.<\/p>\n\n\n\n<p>En el medio, Parolo fue investigada por un robo agravado por el uso de arma de fuego en grado de tentativa perpetrado en 2018, pero en marzo de 2019 la Justicia la sobresey\u00f3 en esa causa.<\/p>\n\n\n\n<p>Tiempo despu\u00e9s, en noviembre de ese a\u00f1o,&nbsp;<mark>qued\u00f3 una vez m\u00e1s tras las rejas, acusada por un robo simple en grado de tentativa, caso por el que fue condenada en febrero de 2020 a cuatro meses y 15 d\u00edas<\/mark>&nbsp;de cumplimiento efectivo.<\/p>\n\n\n\n<p>A los pocos d\u00edas de que el Gobierno nacional declar\u00f3 la cuarentena preventiva por la pandemia del\u00a0<strong>Covid-19<\/strong>, Parolo qued\u00f3 libre por cumplimiento de pena. Justamente, por\u00a0<mark>violar el aislamiento social termin\u00f3 presa en junio de 2021, pero un mes despu\u00e9s fue sobrese\u00edda y liberada<\/mark>, siendo ese su \u00faltimo paso por la penitenciar\u00eda.<\/p>\n\n\n\n<p>Este mi\u00e9rcoles, luego de ser imputada, la fiscal R\u00edos orden\u00f3 que pase nuevamente a la c\u00e1rcel una vez que finalice con los tr\u00e1mites del circuito judicial y se verifiquen sus antecedentes.<\/p>\n\n\n\n<p><strong>Crimen en Godoy Cruz<\/strong><\/p>\n\n\n\n<p>Rocha Centuri\u00f3n sali\u00f3 de la c\u00e1rcel el lunes luego de ser condenado por el robo de placas de cobre de las luminarias de la<strong>&nbsp;Plaza Independencia&nbsp;<\/strong>de Ciudad, hecho que cometi\u00f3 junto a otro sujeto el 1 de agosto.<\/p>\n\n\n\n<p>El hombre confes\u00f3 el hecho en un juicio abreviado y le dieron una pena de cuatro meses y medio, pero volvi\u00f3 el mismo d\u00eda a las calles por el tiempo que llevaba detenido. Poco menos de un d\u00eda despu\u00e9s, el martes a las 10.40, polic\u00edas lo encontraron malherido cerca del cruce de calles Talcahuano y Revoluci\u00f3n de Mayo, a metros del&nbsp;<strong>Hospital Lencinas<\/strong>.<\/p>\n\n\n\n<p>Un m\u00e9dico del\u00a0<strong>Servicio de Emergencias Coordinado<\/strong>\u00a0(<strong>SEC<\/strong>)\u00a0que se hizo presente en la escena, confirm\u00f3 el deceso a ra\u00edz de un puntazo en el pecho, debajo de la tetilla.<\/p>\n\n\n\n<p>Testigos sostuvieron que observaron a una mujer atacar a Rocha Centuri\u00f3n, quien cay\u00f3 al piso, se levant\u00f3 con sus \u00faltimas fuerzas y luego se volvi\u00f3 a desplomar a los pocos metros.<\/p>\n\n\n\n<p>A sabiendas de que era buscada, Parolo termin\u00f3 por entregarse en la citada dependencia godoicruce\u00f1a.<\/p>\n\n\n\n<p><strong>Fuente: www.elsol.com.ar<\/strong><\/p>\n","protected":false},"excerpt":{"rendered":"<p>\u201cEskueLA de vioLenxiA anarkO punk\u201d, as\u00ed se presenta&nbsp;Vanesa Noelia Parolo Vera&nbsp;en uno de los varios perfiles que tiene en&nbsp;Facebook. La mujer de 38 a\u00f1os se entreg\u00f3 la noche en la&nbsp;Comisar\u00eda 27\u00aa&nbsp;de&nbsp;Godoy Cruz, horas despu\u00e9s del asesinato de su ex pareja&nbsp;\u00c1ngel Paolo Rocha Centuri\u00f3n, por el que era intensamente buscada. Al igual que la v\u00edctima, la [&hellip;]<\/p>\n","protected":false},"author":2,"featured_media":3970,"comment_status":"open","ping_status":"open","sticky":false,"template":"","format":"standard","meta":[],"categories":[48],"tags":[],"_links":{"self":[{"href":"https:\/\/pasaenmendoza.com\/index.php?rest_route=\/wp\/v2\/posts\/3969"}],"collection":[{"href":"https:\/\/pasaenmendoza.com\/index.php?rest_route=\/wp\/v2\/posts"}],"about":[{"href":"https:\/\/pasaenmendoza.com\/index.php?rest_route=\/wp\/v2\/types\/post"}],"author":[{"embeddable":true,"href":"https:\/\/pasaenmendoza.com\/index.php?rest_route=\/wp\/v2\/users\/2"}],"replies":[{"embeddable":true,"href":"https:\/\/pasaenmendoza.com\/index.php?rest_route=%2Fwp%2Fv2%2Fcomments&post=3969"}],"version-history":[{"count":1,"href":"https:\/\/pasaenmendoza.com\/index.php?rest_route=\/wp\/v2\/posts\/3969\/revisions"}],"predecessor-version":[{"id":3971,"href":"https:\/\/pasaenmendoza.com\/index.php?rest_route=\/wp\/v2\/posts\/3969\/revisions\/3971"}],"wp:featuredmedia":[{"embeddable":true,"href":"https:\/\/pasaenmendoza.com\/index.php?rest_route=\/wp\/v2\/media\/3970"}],"wp:attachment":[{"href":"https:\/\/pasaenmendoza.com\/index.php?rest_route=%2Fwp%2Fv2%2Fmedia&parent=3969"}],"wp:term":[{"taxonomy":"category","embeddable":true,"href":"https:\/\/pasaenmendoza.com\/index.php?rest_route=%2Fwp%2Fv2%2Fcategories&post=3969"},{"taxonomy":"post_tag","embeddable":true,"href":"https:\/\/pasaenmendoza.com\/index.php?rest_route=%2Fwp%2Fv2%2Ftags&post=3969"}],"curies":[{"name":"wp","href":"https:\/\/api.w.org\/{rel}","templated":true}]}}