{"id":3975,"date":"2023-12-21T13:44:08","date_gmt":"2023-12-21T12:44:08","guid":{"rendered":"https:\/\/pasaenmendoza.com\/?p=3975"},"modified":"2023-12-21T13:44:09","modified_gmt":"2023-12-21T12:44:09","slug":"agredio-con-un-cuchillo-a-un-vendedor-y-fue-detenido-en-ciudad","status":"publish","type":"post","link":"https:\/\/pasaenmendoza.com\/?p=3975","title":{"rendered":"Agredi\u00f3 con un cuchillo a un vendedor y fue detenido en Ciudad"},"content":{"rendered":"\n<p>En el marco de los operativos de control de venta ambulante llevados a cabo por inspectores municipales en la\u00a0<strong>Ciudad de Mendoza<\/strong>, un sujeto ,que hab\u00eda protagonizado un incidente el d\u00eda martes, fue identificado y detenido este mi\u00e9rcoles por inspectores de comercio.<\/p>\n\n\n\n<p>El suceso ocurri\u00f3 en el microcentro de la capital mendocina, cuando el martes, el ahora detenido agredi\u00f3 a un vendedor durante uno de los controles de venta ambulante. Tras constatar su participaci\u00f3n en el incidente, los inspectores procedieron a su identificaci\u00f3n y detenci\u00f3n,\u00a0informaron desde el municipio.\u00a0<\/p>\n\n\n\n<p>Personal municipal, en medio de operativos especiales de control de venta ambulante en el contexto de las fiestas, encontr\u00f3 al individuo portando el arma blanca (cuchillo) con el cual perpetr\u00f3 la agresi\u00f3n. Ante la presencia de agentes policiales que brindaban servicio extraordinario, se llev\u00f3 a cabo la detenci\u00f3n y el traslado del agresor a la comisar\u00eda.<\/p>\n\n\n\n<p>Adicionalmente, como parte de las medidas tomadas, se realiz\u00f3 el decomiso de la mercader\u00eda que el sujeto pose\u00eda, consolidando as\u00ed la respuesta integral de las autoridades frente al incidente.\u00a0<\/p>\n\n\n\n<p><strong>Fuente: www.mendozapost.com<\/strong><\/p>\n","protected":false},"excerpt":{"rendered":"<p>En el marco de los operativos de control de venta ambulante llevados a cabo por inspectores municipales en la\u00a0Ciudad de Mendoza, un sujeto ,que hab\u00eda protagonizado un incidente el d\u00eda martes, fue identificado y detenido este mi\u00e9rcoles por inspectores de comercio. El suceso ocurri\u00f3 en el microcentro de la capital mendocina, cuando el martes, el [&hellip;]<\/p>\n","protected":false},"author":2,"featured_media":3976,"comment_status":"open","ping_status":"open","sticky":false,"template":"","format":"standard","meta":[],"categories":[48],"tags":[],"_links":{"self":[{"href":"https:\/\/pasaenmendoza.com\/index.php?rest_route=\/wp\/v2\/posts\/3975"}],"collection":[{"href":"https:\/\/pasaenmendoza.com\/index.php?rest_route=\/wp\/v2\/posts"}],"about":[{"href":"https:\/\/pasaenmendoza.com\/index.php?rest_route=\/wp\/v2\/types\/post"}],"author":[{"embeddable":true,"href":"https:\/\/pasaenmendoza.com\/index.php?rest_route=\/wp\/v2\/users\/2"}],"replies":[{"embeddable":true,"href":"https:\/\/pasaenmendoza.com\/index.php?rest_route=%2Fwp%2Fv2%2Fcomments&post=3975"}],"version-history":[{"count":1,"href":"https:\/\/pasaenmendoza.com\/index.php?rest_route=\/wp\/v2\/posts\/3975\/revisions"}],"predecessor-version":[{"id":3977,"href":"https:\/\/pasaenmendoza.com\/index.php?rest_route=\/wp\/v2\/posts\/3975\/revisions\/3977"}],"wp:featuredmedia":[{"embeddable":true,"href":"https:\/\/pasaenmendoza.com\/index.php?rest_route=\/wp\/v2\/media\/3976"}],"wp:attachment":[{"href":"https:\/\/pasaenmendoza.com\/index.php?rest_route=%2Fwp%2Fv2%2Fmedia&parent=3975"}],"wp:term":[{"taxonomy":"category","embeddable":true,"href":"https:\/\/pasaenmendoza.com\/index.php?rest_route=%2Fwp%2Fv2%2Fcategories&post=3975"},{"taxonomy":"post_tag","embeddable":true,"href":"https:\/\/pasaenmendoza.com\/index.php?rest_route=%2Fwp%2Fv2%2Ftags&post=3975"}],"curies":[{"name":"wp","href":"https:\/\/api.w.org\/{rel}","templated":true}]}}