{"id":3987,"date":"2023-12-21T14:18:31","date_gmt":"2023-12-21T13:18:31","guid":{"rendered":"https:\/\/pasaenmendoza.com\/?p=3987"},"modified":"2023-12-21T14:18:32","modified_gmt":"2023-12-21T13:18:32","slug":"mientras-investigan-si-en-2023-hubo-mas-zonda-el-ultimo-provoco-el-dia-mas-calido-de-la-historia-en-mendoza","status":"publish","type":"post","link":"https:\/\/pasaenmendoza.com\/?p=3987","title":{"rendered":"Mientras investigan si en 2023 hubo m\u00e1s Zonda, el \u00faltimo provoc\u00f3 el d\u00eda m\u00e1s c\u00e1lido de la historia en Mendoza"},"content":{"rendered":"\n<p>Como consecuencia de la seguidilla de alertas y efectos devastadores provocados por el&nbsp;<strong>Zonda&nbsp;<\/strong>este a\u00f1o y con mayor incidencia en los \u00faltimos meses, el&nbsp;<strong>Conicet&nbsp;<\/strong>analiza si la ocurrencia del fen\u00f3meno en el llano fue mayor durante el 2023.&nbsp;<mark>Su influencia fue determinante para que el s\u00e1bado se convierta en el d\u00eda m\u00e1s c\u00e1lido de la historia en Mendoza,<\/mark>&nbsp;<strong>con 44.9\u202f\u00b0C de temperatura m\u00e1xima.<\/strong><\/p>\n\n\n\n<p>A trav\u00e9s de las observaciones meteorol\u00f3gicas disponibles en las estaciones del Servicio Meteorol\u00f3gico Nacional ubicadas en el Gran Mendoza, los investigadores del Instituto Argentino de Nivolog\u00eda, Glaciolog\u00eda y Ciencias Ambientales (<strong>IANIGLA<\/strong>) podr\u00e1n comprobar si aument\u00f3 la presencia de estos eventos en Mendoza o se trat\u00f3 de una percepci\u00f3n de la sociedad.<\/p>\n\n\n\n<p>Ni organismos provinciales como la\u00a0<strong>Direcci\u00f3n de Contingencias Clim\u00e1ticas<\/strong>\u00a0ni nacionales como el\u00a0<strong>Servicio Meteorol\u00f3gico Nacional<\/strong>\u00a0cuentan con una metodolog\u00eda para la detecci\u00f3n objetiva de este fen\u00f3meno y esperan los resultados del estudio que ser\u00e1 realizado por IANIGLA, seg\u00fan pudo constatar este diario.<\/p>\n\n\n\n<p>El pron\u00f3stico del&nbsp;<strong>Zonda&nbsp;<\/strong>implica un desaf\u00edo para los meteor\u00f3logos y aunque el cambio clim\u00e1tico se manifiesta a trav\u00e9s de&nbsp;diferentes anomal\u00edas meteorol\u00f3gicas y con eventos cada vez m\u00e1s extremos, sin embargo<mark>, todav\u00eda no hay indicios de que este viento est\u00e9 sufriendo variaciones debido al cambio clim\u00e1tico.<\/mark><\/p>\n\n\n\n<p><strong>Federico Otero,<\/strong>\u00a0especialista en este fen\u00f3meno, doctor de Ciencias de la Atm\u00f3sfera de la UBA e investigador del Ianigla- Conicet, en una entrevista con\u00a0<em>El Sol<\/em>\u00a0asegur\u00f3 que \u201c<em>todav\u00eda no existen trabajos que muestren esto alg\u00fan tipo de influencia. S\u00f3lo hay uno del\u00a0Instituto de Ciencias Atmosf\u00e9ricas y Clim\u00e1ticas de Zurich\u00a0que muestra un aumento en la frecuencia para Europa (Foehn) en algunos meses<\/em>\u201d.<\/p>\n\n\n\n<p><strong>El d\u00eda m\u00e1s caliente<\/strong><\/p>\n\n\n\n<p>Si bien el \u00faltimo evento de\u00a0<strong>Zonda\u00a0<\/strong>caus\u00f3 sorpresa en la poblaci\u00f3n por registrarse durante diciembre, en los \u00faltimos 42 a\u00f1os se detectaron 17 eventos de este tipo en este mes. El m\u00e1s recordado, fue el del 24 de diciembre de 2012.\u00a0<\/p>\n\n\n\n<p>Adem\u00e1s, su presencia fue fundamental para que el pasado s\u00e1bado se convierta en el d\u00eda m\u00e1s c\u00e1lido de la historia en Mendoza, con<strong>&nbsp;44.9\u00b0C&nbsp;<\/strong>de temperatura m\u00e1xima, seg\u00fan marc\u00f3 la estaci\u00f3n meteorol\u00f3gica ubicada en el Aeropuerto.<\/p>\n\n\n\n<p>Buena parte de los r\u00e9cords de \u00edndices t\u00e9rmicos m\u00e1ximos en la provincia se explican por la incidencia de este fen\u00f3meno.&nbsp;<\/p>\n\n\n\n<p><mark>El 30 de enero de 2003, fecha de ocurrencia del r\u00e9cord anterior de temperatura\u00a0<\/mark>m\u00e1s alta en el Gran Mendoza, el viento c\u00e1lido estuvo presente en el llano, con term\u00f3metros que se elevaron a los\u00a0<strong>44.4 \u00b0C\u00a0<\/strong>(Aeropuerto).<\/p>\n\n\n\n<p>Ese mismo d\u00eda hubo un hist\u00f3rico de 43.3\u202f\u00b0C en San Rafael, mientras que el r\u00e9cord de temperatura m\u00e1xima en San Mart\u00edn corresponde al 24 de diciembre de 2012, con ocurrencia de Zonda que propici\u00f3 el registro de 43.3\u00b0C de temperatura.<\/p>\n\n\n\n<p><em>\u201cEsto destaca la necesidad de comprender mejor c\u00f3mo interact\u00faan la se\u00f1al de calentamiento global y regional, que es progresiva en el tiempo, con la ocurrencia de fen\u00f3menos de corto plazo como el Zonda, que favorecen el calentamiento de forma local\u201d, detall\u00f3<\/em><strong><em>\u00a0<\/em>Juan Rivera<\/strong>, tambi\u00e9n investigador del Conicet.<\/p>\n\n\n\n<p><strong>La incidencia de El Ni\u00f1o y el Zonda<\/strong><\/p>\n\n\n\n<p>Los investigadores actualmente\u00a0<mark>debaten si el fen\u00f3meno de El Ni\u00f1o pudo haber favorecido la ocurrencia de una mayor frecuencia de Zonda\u00a0<\/mark>en el llano este a\u00f1o, dado que este mecanismo promueve la configuraci\u00f3n sin\u00f3ptica del campo de presi\u00f3n atmosf\u00e9rica caracter\u00edstico de este viento.<\/p>\n\n\n\n<p>\u201c<em>No obstante, si se analizan otros a\u00f1os correspondientes a la ocurrencia del fen\u00f3meno de El Ni\u00f1o, no necesariamente se observa un incremento en la frecuencia de eventos de este viento<\/em>\u201d, indic\u00f3 Rivera.<\/p>\n\n\n\n<p>A modo de ejemplo, el investigador detall\u00f3 que durante los a\u00f1os 2002, 2003 y 2010 se registraron 10 casos de Zonda en el Gran Mendoza, \u201cpero el a\u00f1o 2002 fue Ni\u00f1o, el 2003 fue neutral y el 2010 fue Ni\u00f1a\u201d.<\/p>\n\n\n\n<p>\u201c<em>Esto indica que<mark>&nbsp;existen otros mecanismos en otras escalas temporales que pueden interactuar con la circulaci\u00f3n de gran escala<\/mark>&nbsp;y modular las variaciones espacio-temporales del Zonda<\/em>\u201c, precis\u00f3.<\/p>\n\n\n\n<p>Y concluy\u00f3: \u201cEs un \u00e1rea que todav\u00eda requiere investigaci\u00f3n, dado que el foco actual est\u00e1 en mejorar el pron\u00f3stico a corto plazo para predecir la ocurrencia e intensidad del fen\u00f3meno\u201d.<\/p>\n\n\n\n<p><strong>Velocidades frecuentes y duraci\u00f3n<\/strong><\/p>\n\n\n\n<p>De acuerdo con los estudios de&nbsp;<strong>Otero<\/strong>, las velocidades m\u00e1s fuertes ocurren a las 18 UTC (15 horas local) en los meses de abril y julio y m\u00e1s tarde, cerca de la noche, en septiembre.<\/p>\n\n\n\n<p>La categor\u00eda m\u00e1s frecuente es Z1, con velocidades de r\u00e1fagas menores a 60 km\/h.<\/p>\n\n\n\n<p>Por otro lado, la duraci\u00f3n promedio para Mendoza es entre 3 y 8 horas, encontrando rara vez eventos de m\u00e1s de 10 horas de duraci\u00f3n.<\/p>\n\n\n\n<p><strong>Fuente: www.elsol.com.ar<\/strong><\/p>\n","protected":false},"excerpt":{"rendered":"<p>Como consecuencia de la seguidilla de alertas y efectos devastadores provocados por el&nbsp;Zonda&nbsp;este a\u00f1o y con mayor incidencia en los \u00faltimos meses, el&nbsp;Conicet&nbsp;analiza si la ocurrencia del fen\u00f3meno en el llano fue mayor durante el 2023.&nbsp;Su influencia fue determinante para que el s\u00e1bado se convierta en el d\u00eda m\u00e1s c\u00e1lido de la historia en Mendoza,&nbsp;con [&hellip;]<\/p>\n","protected":false},"author":2,"featured_media":3988,"comment_status":"open","ping_status":"open","sticky":false,"template":"","format":"standard","meta":[],"categories":[50],"tags":[],"_links":{"self":[{"href":"https:\/\/pasaenmendoza.com\/index.php?rest_route=\/wp\/v2\/posts\/3987"}],"collection":[{"href":"https:\/\/pasaenmendoza.com\/index.php?rest_route=\/wp\/v2\/posts"}],"about":[{"href":"https:\/\/pasaenmendoza.com\/index.php?rest_route=\/wp\/v2\/types\/post"}],"author":[{"embeddable":true,"href":"https:\/\/pasaenmendoza.com\/index.php?rest_route=\/wp\/v2\/users\/2"}],"replies":[{"embeddable":true,"href":"https:\/\/pasaenmendoza.com\/index.php?rest_route=%2Fwp%2Fv2%2Fcomments&post=3987"}],"version-history":[{"count":1,"href":"https:\/\/pasaenmendoza.com\/index.php?rest_route=\/wp\/v2\/posts\/3987\/revisions"}],"predecessor-version":[{"id":3989,"href":"https:\/\/pasaenmendoza.com\/index.php?rest_route=\/wp\/v2\/posts\/3987\/revisions\/3989"}],"wp:featuredmedia":[{"embeddable":true,"href":"https:\/\/pasaenmendoza.com\/index.php?rest_route=\/wp\/v2\/media\/3988"}],"wp:attachment":[{"href":"https:\/\/pasaenmendoza.com\/index.php?rest_route=%2Fwp%2Fv2%2Fmedia&parent=3987"}],"wp:term":[{"taxonomy":"category","embeddable":true,"href":"https:\/\/pasaenmendoza.com\/index.php?rest_route=%2Fwp%2Fv2%2Fcategories&post=3987"},{"taxonomy":"post_tag","embeddable":true,"href":"https:\/\/pasaenmendoza.com\/index.php?rest_route=%2Fwp%2Fv2%2Ftags&post=3987"}],"curies":[{"name":"wp","href":"https:\/\/api.w.org\/{rel}","templated":true}]}}