{"id":3990,"date":"2023-12-21T14:43:40","date_gmt":"2023-12-21T13:43:40","guid":{"rendered":"https:\/\/pasaenmendoza.com\/?p=3990"},"modified":"2023-12-21T14:43:41","modified_gmt":"2023-12-21T13:43:41","slug":"el-gobierno-asegura-que-el-dnu-esta-absolutamente-ajustado-a-derecho","status":"publish","type":"post","link":"https:\/\/pasaenmendoza.com\/?p=3990","title":{"rendered":"El Gobierno asegura que el DNU est\u00e1 &#8220;absolutamente ajustado a derecho&#8221;"},"content":{"rendered":"\n<p>As\u00ed lo consider\u00f3 Javier Herrera Bravo, secretario de Legal y T\u00e9cnica\u00a0de la Presidencia, quien dijo que siempre &#8220;hay alguien que puede estar en desacuerdo&#8221;.<\/p>\n\n\n\n<p>El secretario de Legal y T\u00e9cnica\u00a0de la Presidencia,\u00a0<strong>Javier Herrera Bravo<\/strong>, expres\u00f3 hoy que el\u00a0<strong>decreto de necesidad y urgencia (DNU)<\/strong>\u00a0que establece medidas para la desregulaci\u00f3n de la econom\u00eda est\u00e1 &#8220;absolutamente&#8221; ajustado a derecho.<\/p>\n\n\n\n<p>&#8220;Absolutamente&#8221;, respondi\u00f3 Herrera Bravo al ser consultado por los periodistas acreditados en Casa de Gobierno, antes de ingresar a la reuni\u00f3n del Gabinete nacional, sobre si el DNU 70\/2023 anunciado anoche por el presidente\u00a0<strong>Javier Milei<\/strong>\u00a0y publicado hoy en el Bolet\u00edn Oficial se ajustaba a derecho, ante los cuestionamientos que recibi\u00f3 la iniciativa de parte de distintos abogados constitucionalistas.<\/p>\n\n\n\n<p>Ante otra pregunta sobre la viabilidad de la norma, el funcionario contest\u00f3: &#8220;Una acci\u00f3n de inconstitucionalidad, una acci\u00f3n de amparo, puede presentar cualquier ciudadano y la Justicia resolver\u00e1&#8221;. &#8220;Estas cosas pasan cuando se toman&nbsp;medidas, siempre hay alguien que puede estar en desacuerdo y la justicia&nbsp;resolver\u00e1&#8221;, agreg\u00f3 Herrera Bravo.<\/p>\n\n\n\n<p>Por \u00faltimo, record\u00f3 que, ahora, el jefe de Gabinete, Nicol\u00e1s Posse, &#8220;tiene 10 d\u00edas para comunicar al DNU al Congreso&#8221;, concretamente a la Comisi\u00f3n Bicameral Permanente de Tr\u00e1mite Legislativo.<\/p>\n\n\n\n<p>FUENTE: Mdzonline.<\/p>\n","protected":false},"excerpt":{"rendered":"<p>As\u00ed lo consider\u00f3 Javier Herrera Bravo, secretario de Legal y T\u00e9cnica\u00a0de la Presidencia, quien dijo que siempre &#8220;hay alguien que puede estar en desacuerdo&#8221;. El secretario de Legal y T\u00e9cnica\u00a0de la Presidencia,\u00a0Javier Herrera Bravo, expres\u00f3 hoy que el\u00a0decreto de necesidad y urgencia (DNU)\u00a0que establece medidas para la desregulaci\u00f3n de la econom\u00eda est\u00e1 &#8220;absolutamente&#8221; ajustado a [&hellip;]<\/p>\n","protected":false},"author":2,"featured_media":3991,"comment_status":"open","ping_status":"open","sticky":true,"template":"","format":"standard","meta":[],"categories":[47],"tags":[],"_links":{"self":[{"href":"https:\/\/pasaenmendoza.com\/index.php?rest_route=\/wp\/v2\/posts\/3990"}],"collection":[{"href":"https:\/\/pasaenmendoza.com\/index.php?rest_route=\/wp\/v2\/posts"}],"about":[{"href":"https:\/\/pasaenmendoza.com\/index.php?rest_route=\/wp\/v2\/types\/post"}],"author":[{"embeddable":true,"href":"https:\/\/pasaenmendoza.com\/index.php?rest_route=\/wp\/v2\/users\/2"}],"replies":[{"embeddable":true,"href":"https:\/\/pasaenmendoza.com\/index.php?rest_route=%2Fwp%2Fv2%2Fcomments&post=3990"}],"version-history":[{"count":1,"href":"https:\/\/pasaenmendoza.com\/index.php?rest_route=\/wp\/v2\/posts\/3990\/revisions"}],"predecessor-version":[{"id":3992,"href":"https:\/\/pasaenmendoza.com\/index.php?rest_route=\/wp\/v2\/posts\/3990\/revisions\/3992"}],"wp:featuredmedia":[{"embeddable":true,"href":"https:\/\/pasaenmendoza.com\/index.php?rest_route=\/wp\/v2\/media\/3991"}],"wp:attachment":[{"href":"https:\/\/pasaenmendoza.com\/index.php?rest_route=%2Fwp%2Fv2%2Fmedia&parent=3990"}],"wp:term":[{"taxonomy":"category","embeddable":true,"href":"https:\/\/pasaenmendoza.com\/index.php?rest_route=%2Fwp%2Fv2%2Fcategories&post=3990"},{"taxonomy":"post_tag","embeddable":true,"href":"https:\/\/pasaenmendoza.com\/index.php?rest_route=%2Fwp%2Fv2%2Ftags&post=3990"}],"curies":[{"name":"wp","href":"https:\/\/api.w.org\/{rel}","templated":true}]}}