{"id":3993,"date":"2023-12-21T14:46:33","date_gmt":"2023-12-21T13:46:33","guid":{"rendered":"https:\/\/pasaenmendoza.com\/?p=3993"},"modified":"2023-12-21T14:46:34","modified_gmt":"2023-12-21T13:46:34","slug":"educacion-tras-el-dnu-presidencial-tadeo-garcia-zalazar-se-reune-con-su-par-de-nacion","status":"publish","type":"post","link":"https:\/\/pasaenmendoza.com\/?p=3993","title":{"rendered":"Educaci\u00f3n: tras el DNU presidencial, Tadeo Garc\u00eda Zalazar se re\u00fane con su par de Naci\u00f3n"},"content":{"rendered":"\n<p>Ser\u00e1 a partir de las 11, en el encuentro que el Consejo Federal de Educaci\u00f3n llevar\u00e1 adelante en Buenos Aires. Se conocer\u00e1 el alcance de las medidas del presidente Javier Milei.<\/p>\n\n\n\n<p><strong>Tadeo Garc\u00eda Zalazar<\/strong>, el ministro de Educaci\u00f3n, Cultura, Infancias y Direcci\u00f3n General de Escuelas, formar\u00e1 parte este jueves de la asamblea del Consejo Federal de Educaci\u00f3n que encabezar\u00e1 su par de Naci\u00f3n,\u00a0<strong>Carlos Torrendell.<\/strong><\/p>\n\n\n\n<p>La reuni\u00f3n tendr\u00e1 lugar en Buenos Aires, a partir de las 11, y participar\u00e1n ministros de todo el pa\u00eds.<\/p>\n\n\n\n<p>Garc\u00eda Zalazar\u00a0<mark>espera los informes sobre ajustes presupuestarios<\/mark>\u00a0para determinar si\u00a0<strong>Mendoza\u00a0<\/strong>contar\u00e1 con los fondos nacionales disponibles, luego del plan de ajuste anunciado por el presidente Javier Milei.<\/p>\n\n\n\n<p>Este lunes, durante la presentaci\u00f3n de los miembros de su gabinete, el funcionario adelant\u00f3:&nbsp;<em>\u201cPretendemos tener la informaci\u00f3n de primera mano de qu\u00e9 tipo de ajustes presupuestarios va a haber en el Fondo Nacional. Hay tres fondos nacionales que llegan a la provincia en distintas cuant\u00edas, as\u00ed que veremos si contin\u00faan, si tienen alg\u00fan tipo de ajuste o no<\/em>\u201c.<\/p>\n\n\n\n<p>En la misma l\u00ednea, adem\u00e1s, lanz\u00f3: \u201c<em>Quisi\u00e9ramos ampliar la cantidad de escuelas con jornadas extendidas (actualmente son 200), pero esa ampliaci\u00f3n va a depender exclusivamente de la cuant\u00eda que tengamos. Reci\u00e9n nos lo van a informar el d\u00eda jueves y ah\u00ed veremos si se puede o no ampliar el servicio de alimentaci\u00f3n en los colegios y en algunos comedores que funcionan con los CEOS y con los Cedrys<\/em>\u201c.<\/p>\n","protected":false},"excerpt":{"rendered":"<p>Ser\u00e1 a partir de las 11, en el encuentro que el Consejo Federal de Educaci\u00f3n llevar\u00e1 adelante en Buenos Aires. Se conocer\u00e1 el alcance de las medidas del presidente Javier Milei. Tadeo Garc\u00eda Zalazar, el ministro de Educaci\u00f3n, Cultura, Infancias y Direcci\u00f3n General de Escuelas, formar\u00e1 parte este jueves de la asamblea del Consejo Federal [&hellip;]<\/p>\n","protected":false},"author":2,"featured_media":3994,"comment_status":"open","ping_status":"open","sticky":true,"template":"","format":"standard","meta":[],"categories":[47],"tags":[],"_links":{"self":[{"href":"https:\/\/pasaenmendoza.com\/index.php?rest_route=\/wp\/v2\/posts\/3993"}],"collection":[{"href":"https:\/\/pasaenmendoza.com\/index.php?rest_route=\/wp\/v2\/posts"}],"about":[{"href":"https:\/\/pasaenmendoza.com\/index.php?rest_route=\/wp\/v2\/types\/post"}],"author":[{"embeddable":true,"href":"https:\/\/pasaenmendoza.com\/index.php?rest_route=\/wp\/v2\/users\/2"}],"replies":[{"embeddable":true,"href":"https:\/\/pasaenmendoza.com\/index.php?rest_route=%2Fwp%2Fv2%2Fcomments&post=3993"}],"version-history":[{"count":1,"href":"https:\/\/pasaenmendoza.com\/index.php?rest_route=\/wp\/v2\/posts\/3993\/revisions"}],"predecessor-version":[{"id":3995,"href":"https:\/\/pasaenmendoza.com\/index.php?rest_route=\/wp\/v2\/posts\/3993\/revisions\/3995"}],"wp:featuredmedia":[{"embeddable":true,"href":"https:\/\/pasaenmendoza.com\/index.php?rest_route=\/wp\/v2\/media\/3994"}],"wp:attachment":[{"href":"https:\/\/pasaenmendoza.com\/index.php?rest_route=%2Fwp%2Fv2%2Fmedia&parent=3993"}],"wp:term":[{"taxonomy":"category","embeddable":true,"href":"https:\/\/pasaenmendoza.com\/index.php?rest_route=%2Fwp%2Fv2%2Fcategories&post=3993"},{"taxonomy":"post_tag","embeddable":true,"href":"https:\/\/pasaenmendoza.com\/index.php?rest_route=%2Fwp%2Fv2%2Ftags&post=3993"}],"curies":[{"name":"wp","href":"https:\/\/api.w.org\/{rel}","templated":true}]}}