{"id":3996,"date":"2023-12-21T14:49:40","date_gmt":"2023-12-21T13:49:40","guid":{"rendered":"https:\/\/pasaenmendoza.com\/?p=3996"},"modified":"2023-12-21T14:49:42","modified_gmt":"2023-12-21T13:49:42","slug":"la-izquierda-de-mendoza-avisa-va-a-ser-la-primera-de-muchas-marchas","status":"publish","type":"post","link":"https:\/\/pasaenmendoza.com\/?p=3996","title":{"rendered":"La Izquierda de Mendoza avisa: &#8220;Va a ser la primera de muchas marchas&#8221;"},"content":{"rendered":"\n<p><strong>Las calles c\u00e9ntricas de Mendoza replicaron la manifestaci\u00f3n que tuvo lugar en Buenos Aires<\/strong>\u00a0en el marco de un nuevo aniversario del 20 de diciembre de 2001. En ese contexto, algunos de los dirigentes de izquierda que encabezaban la manifestaci\u00f3n brindaron sus testimonios.<\/p>\n\n\n\n<p><strong>Lautaro Jim\u00e9nez<\/strong>, dirigente del&nbsp;<strong>PTS,&nbsp;<\/strong>asegur\u00f3 que la marcha se dio en un contexto &#8220;donde miles de familias que no puedan tener un verano en paz&#8221;. Mientras que agreg\u00f3 que &#8220;realmente el pueblo est\u00e1 nuevamente en las calles y la resistencia empez\u00f3. Este es el primer paso de una lucha hist\u00f3rica que el pueblo trabajador ha dado y va a seguir dando por sus derechos&#8221;.<\/p>\n\n\n\n<p>En un sentido similar se expres\u00f3 el dirigente del\u00a0<strong>Partido Obrero, V\u00edctor Da Vila<\/strong>, quien dijo que &#8220;es un rechazo a la pol\u00edtica de ajuste que est\u00e1 impulsando el presidente Javier Milei y Luis Caputo, su ministro de econom\u00eda. Han empeorado lo que ha hecho el gobierno anterior, se ve el aumento escandaloso de los alimentos, de la pobreza, de los combustibles y se preparan una serie de tarifazos en los servicios p\u00fablicos, una serie de modificaciones a la legislaci\u00f3n laboral que va a barrer con lo poco que quede de protecci\u00f3n para los trabajadores&#8221;.<\/p>\n\n\n\n<p>En cuanto a la marcha con media calzada y una fuerte presencia policial, con un polic\u00eda cada cuatro manifestantes aproximadamente,&nbsp;<strong>Jim\u00e9nez<\/strong>&nbsp;subray\u00f3 que &#8220;lo que destaco es la solidaridad y el hecho de que no haya miedo, de que realmente estemos todos juntos ac\u00e1 en la calle nuevamente, demostr\u00e1ndoles que no les tenemos miedo&#8221;.<\/p>\n\n\n\n<p>&#8220;Todo este despliegue policial no es nada m\u00e1s que un circo y la gente lo sabe bien, es un circo, es algo que intenta mostrar algo para que la gente se quede en su casa. Pero la gente sabe que solamente saliendo de casa, uni\u00e9ndose y ganando las calles podemos defender el agua, podemos defender la educaci\u00f3n, podemos defender el derecho de los trabajadores&#8221;, sentenci\u00f3 el dirigente trotskista.<\/p>\n\n\n\n<p>Por su parte, el dirigente del&nbsp;<strong>Polo Obrero, Mart\u00edn Rodr\u00edguez<\/strong>, &#8220;entendemos que ha sido un triunfo importante de los movimientos de lucha, no solo de la unidad piquetera, sino tambi\u00e9n de los sindicatos, organismos de DDHH que se sumaron y que lograron sortear el operativo que hab\u00eda establecido Bullrich&#8221;.<\/p>\n\n\n\n<p>Finalmente, Rodr\u00edguez lanz\u00f3 cr\u00edticas al gobierno nacional y asegur\u00f3 que &#8220;la pol\u00edtica de Javier Milei y el protocolo de Bullrich no s\u00f3lo son inconstitucionales, sino que tambi\u00e9n entendemos que lo que busca es desalojar a los trabajadores de la calle porque las medidas que van a anunciar van a ser terribles&#8221;.<\/p>\n\n\n\n<p>FUENTE: Mendozapost.<\/p>\n","protected":false},"excerpt":{"rendered":"<p>Las calles c\u00e9ntricas de Mendoza replicaron la manifestaci\u00f3n que tuvo lugar en Buenos Aires\u00a0en el marco de un nuevo aniversario del 20 de diciembre de 2001. En ese contexto, algunos de los dirigentes de izquierda que encabezaban la manifestaci\u00f3n brindaron sus testimonios. Lautaro Jim\u00e9nez, dirigente del&nbsp;PTS,&nbsp;asegur\u00f3 que la marcha se dio en un contexto &#8220;donde [&hellip;]<\/p>\n","protected":false},"author":2,"featured_media":3997,"comment_status":"open","ping_status":"open","sticky":true,"template":"","format":"standard","meta":[],"categories":[47],"tags":[],"_links":{"self":[{"href":"https:\/\/pasaenmendoza.com\/index.php?rest_route=\/wp\/v2\/posts\/3996"}],"collection":[{"href":"https:\/\/pasaenmendoza.com\/index.php?rest_route=\/wp\/v2\/posts"}],"about":[{"href":"https:\/\/pasaenmendoza.com\/index.php?rest_route=\/wp\/v2\/types\/post"}],"author":[{"embeddable":true,"href":"https:\/\/pasaenmendoza.com\/index.php?rest_route=\/wp\/v2\/users\/2"}],"replies":[{"embeddable":true,"href":"https:\/\/pasaenmendoza.com\/index.php?rest_route=%2Fwp%2Fv2%2Fcomments&post=3996"}],"version-history":[{"count":1,"href":"https:\/\/pasaenmendoza.com\/index.php?rest_route=\/wp\/v2\/posts\/3996\/revisions"}],"predecessor-version":[{"id":3998,"href":"https:\/\/pasaenmendoza.com\/index.php?rest_route=\/wp\/v2\/posts\/3996\/revisions\/3998"}],"wp:featuredmedia":[{"embeddable":true,"href":"https:\/\/pasaenmendoza.com\/index.php?rest_route=\/wp\/v2\/media\/3997"}],"wp:attachment":[{"href":"https:\/\/pasaenmendoza.com\/index.php?rest_route=%2Fwp%2Fv2%2Fmedia&parent=3996"}],"wp:term":[{"taxonomy":"category","embeddable":true,"href":"https:\/\/pasaenmendoza.com\/index.php?rest_route=%2Fwp%2Fv2%2Fcategories&post=3996"},{"taxonomy":"post_tag","embeddable":true,"href":"https:\/\/pasaenmendoza.com\/index.php?rest_route=%2Fwp%2Fv2%2Ftags&post=3996"}],"curies":[{"name":"wp","href":"https:\/\/api.w.org\/{rel}","templated":true}]}}