{"id":4002,"date":"2023-12-22T12:30:06","date_gmt":"2023-12-22T11:30:06","guid":{"rendered":"https:\/\/pasaenmendoza.com\/?p=4002"},"modified":"2023-12-22T12:30:07","modified_gmt":"2023-12-22T11:30:07","slug":"los-organismos-nacionales-que-estan-acefalos-en-mendoza-generan-reclamos","status":"publish","type":"post","link":"https:\/\/pasaenmendoza.com\/?p=4002","title":{"rendered":"Los organismos nacionales que est\u00e1n ac\u00e9falos en Mendoza generan reclamos"},"content":{"rendered":"\n<p>El presidente Javier Milei no ha nombrado a los responsables pol\u00edticos de tres entes clave y en dos de ellos siguen los funcionarios de la gesti\u00f3n anterior esperando el cambio. Los problemas que surgen<\/p>\n\n\n\n<p>Mientras el presidente Javier Milei se concentra en el anuncio de grandes cambios en la pol\u00edtica econ\u00f3mica del pa\u00eds, pasan los d\u00edas y no nombra a los responsables en\u00a0<strong>Mendoza\u00a0<\/strong>-ni en el resto de las provincias-\u00a0de\u00a0tres organismos muy importantes para el funcionamiento del Estado:\u00a0se trata del\u00a0<strong>PAMI\u00a0<\/strong>\u00a0(la obra social de jubilados y pensionados); la\u00a0<strong>Anses<\/strong>\u00a0(la Administraci\u00f3n Nacional de la Seguridad Social, que maneja las jubilaciones y otras prestaciones) y\u00a0<strong>Vialidad\u00a0<\/strong>nacional (maneja las obras viales). Esta acefal\u00eda lleva a problemas en las operaciones diarias de los organismos.\u00a0<\/p>\n\n\n\n<p>En el\u00a0<strong>PAMI<\/strong>\u00a0a nivel nacional fue nombrado\u00a0Esteban Leguizamo, quien hasta mediados del a\u00f1o pasado estaba cargo de una de las unidades del organismo. Sin embargo, la situaci\u00f3n en\u00a0<strong>Mendoza<\/strong>\u00a0es la siguiente: no existe el nombramiento de ning\u00fan responsable local, por lo tanto, se le pidi\u00f3 a las autoridades del gobierno anterior que se quedaran hasta que nombren a alguien. El titular de la Anses Mendoza del Gobierno anterior, Mart\u00edn Sevilla, sigue a cargo junto al doctor Eduardo Hern\u00e1ndez, quien es el coordinador general ejecutivo, es decir, la segunda autoridad despu\u00e9s de\u00a0Sevilla, pero fueron nombrados por la anterior gesti\u00f3n y est\u00e1n a la espera de sus reemplazantes.<\/p>\n\n\n\n<p>En la\u00a0<strong>Anses<\/strong>, el extitular de la regi\u00f3n Cuyo, Carlos Gallo, dej\u00f3 el cargo apenas asumi\u00f3 Milei. El presidente puso en funciones a nivel nacional a\u00a0Osvaldo Giordano, ex secretario de Finanzas del exgobernador cordob\u00e9s\u00a0Juan Schiaretti.\u00a0Pero en<strong>\u00a0Mendoza<\/strong>\u00a0no hay nadie que sea el titular pol\u00edtico de la entidad.<\/p>\n\n\n\n<p>Es m\u00e1s, a\u00fan no asume ning\u00fan jefe regional en todo el\u00a0pa\u00eds y menos los jefes de oficina. \u00bfC\u00f3mo funciona el mega organismo en todas las provincias? &#8220;Con personal de carrera que garantiza que las prestaciones no se caigan&#8221;, contaron desde el mismo ente.<\/p>\n\n\n\n<p>Para ambos organismos, ya hay algunos nombres en danza que provienen de los partidos que conforman La Libertad Avanza, el frente de Milei, en la provincia. Sin embargo, nadie ha sido confirmado en ning\u00fan cargo por en las \u00faltimas horas.&nbsp;<\/p>\n\n\n\n<p>En tanto, en\u00a0<strong>Vialidad\u00a0<\/strong>Nacional la situaci\u00f3n es peor: no hay nadie a cargo del organismo a nivel nacional -se fueron los titulares nacionales que respond\u00edan al gobierno de Alberto Fern\u00e1ndez- y quedaron los\u00a0de distrito a la espera de los nuevos responsables locales, a pedido de la gesti\u00f3n de Milei. El hist\u00f3rico dirigente peronista Guillermo\u00a0Amstutz sigue por lo tanto en sus funciones. &#8220;Cuando se designe el nuevo administrador, voy a hacer el traspaso como corresponde. Lo mismo ocurre con el resto de las provincias. Hemos quedado los administradores locales a la espera de los nuevos titulares&#8221;<strong>.<\/strong><\/p>\n\n\n\n<p>Amstutz es responsable de continuar las obras ac\u00e1, de resolver situaciones imprevistas y del patrimonio hasta que no haya un nuevo titular. &#8220;Sin embargo, las grandes decisiones no se pueden tomar ni se pueden hacer licitaciones porque no hay nadie a nivel nacional a cargo de\u00a0<strong>Vialidad<\/strong>&#8220;. Habr\u00e1 que esperar a ver la relevancia que le da la Naci\u00f3n a este organismo, teniendo en cuenta que Milei ya avis\u00f3 que como &#8220;no hay plata&#8221;, no se har\u00e1n por ahora &#8220;nuevas obras&#8221;.<\/p>\n\n\n\n<p>FUENTE: Mdzonline.<\/p>\n","protected":false},"excerpt":{"rendered":"<p>El presidente Javier Milei no ha nombrado a los responsables pol\u00edticos de tres entes clave y en dos de ellos siguen los funcionarios de la gesti\u00f3n anterior esperando el cambio. Los problemas que surgen Mientras el presidente Javier Milei se concentra en el anuncio de grandes cambios en la pol\u00edtica econ\u00f3mica del pa\u00eds, pasan los [&hellip;]<\/p>\n","protected":false},"author":2,"featured_media":4003,"comment_status":"open","ping_status":"open","sticky":true,"template":"","format":"standard","meta":[],"categories":[47],"tags":[],"_links":{"self":[{"href":"https:\/\/pasaenmendoza.com\/index.php?rest_route=\/wp\/v2\/posts\/4002"}],"collection":[{"href":"https:\/\/pasaenmendoza.com\/index.php?rest_route=\/wp\/v2\/posts"}],"about":[{"href":"https:\/\/pasaenmendoza.com\/index.php?rest_route=\/wp\/v2\/types\/post"}],"author":[{"embeddable":true,"href":"https:\/\/pasaenmendoza.com\/index.php?rest_route=\/wp\/v2\/users\/2"}],"replies":[{"embeddable":true,"href":"https:\/\/pasaenmendoza.com\/index.php?rest_route=%2Fwp%2Fv2%2Fcomments&post=4002"}],"version-history":[{"count":1,"href":"https:\/\/pasaenmendoza.com\/index.php?rest_route=\/wp\/v2\/posts\/4002\/revisions"}],"predecessor-version":[{"id":4004,"href":"https:\/\/pasaenmendoza.com\/index.php?rest_route=\/wp\/v2\/posts\/4002\/revisions\/4004"}],"wp:featuredmedia":[{"embeddable":true,"href":"https:\/\/pasaenmendoza.com\/index.php?rest_route=\/wp\/v2\/media\/4003"}],"wp:attachment":[{"href":"https:\/\/pasaenmendoza.com\/index.php?rest_route=%2Fwp%2Fv2%2Fmedia&parent=4002"}],"wp:term":[{"taxonomy":"category","embeddable":true,"href":"https:\/\/pasaenmendoza.com\/index.php?rest_route=%2Fwp%2Fv2%2Fcategories&post=4002"},{"taxonomy":"post_tag","embeddable":true,"href":"https:\/\/pasaenmendoza.com\/index.php?rest_route=%2Fwp%2Fv2%2Ftags&post=4002"}],"curies":[{"name":"wp","href":"https:\/\/api.w.org\/{rel}","templated":true}]}}