{"id":4005,"date":"2023-12-22T12:33:42","date_gmt":"2023-12-22T11:33:42","guid":{"rendered":"https:\/\/pasaenmendoza.com\/?p=4005"},"modified":"2023-12-22T12:33:43","modified_gmt":"2023-12-22T11:33:43","slug":"mega-dnu-de-milei-cornejo-y-su-gabinete-priorizan-la-gobernabilidad","status":"publish","type":"post","link":"https:\/\/pasaenmendoza.com\/?p=4005","title":{"rendered":"Mega-DNU de Milei: Cornejo y su gabinete priorizan la gobernabilidad"},"content":{"rendered":"\n<p>Mientras en las filas nacionales de un disperso, ciertamente, Juntos por el Cambio se iban sumando voces de advertencia y cargadas de una fuerte cr\u00edtica jur\u00eddica, constitucional y pol\u00edtica en contra del mega-DNU del presidente<strong>&nbsp;Javier Milei<\/strong>, por el que desregul\u00f3 toda la actividad econ\u00f3mica en general, el gobernador&nbsp;<strong>Alfredo Cornejo<\/strong>&nbsp;\u2013al frente de una reuni\u00f3n de gabinete extraordinaria convocada para el an\u00e1lisis de las nuevas medidas\u2013 acordaba y ratificaba con sus ministros aquella posici\u00f3n original fijada al comienzo de la gesti\u00f3n: gobernabilidad para el nuevo Ejecutivo nacional en lo que corresponda y apoyo, en un sentido amplio, a la filosof\u00eda que persigue el paquetazo de nuevas medidas: esto es, la flexibilidad para las actividades permitiendo el crecimiento, desarrollo y la creaci\u00f3n de riqueza desde todos los sectores econ\u00f3micos que dan vida los particulares.<\/p>\n\n\n\n<p>De acuerdo con lo que se pudo reconstruir del encuentro convocado por Cornejo al que asistieron, adem\u00e1s, los legisladores nacionales del oficialismo para fijar o discutir una posici\u00f3n en el Parlamento nacional, no fue un festejo sin m\u00e1s por el&nbsp;<strong>DNU&nbsp;<\/strong>ni tampoco un apoyo incondicional. La s\u00edntesis, si se quiere, result\u00f3 ser un acuerdo ante las primeras y extraordinarias acciones que ha confirmado Milei en su plan por salir de lo que ha llamado el \u201ccolectivismo\u201d aplicado por d\u00e9cadas en la Argentina, con toda su frondosa consecuencia negativa sobre la econom\u00eda y calidad de vida de los ciudadanos. Pero que se apoye desde Mendoza el plan en general \u2013se habr\u00eda preocupado Cornejo para que quede claro\u2013, no significa que, al menos en la provincia, el Estado se termine retirando de todo, coment\u00f3 una fuente oficial, como parece que comenzar\u00eda a ocurrir en el plano nacional. Un ejemplo de ello, de arranque, ser\u00eda la ratificaci\u00f3n del registro de operadores tur\u00edsticos que la provincia elabora y monitorea con los municipios, particularmente, para que se garanticen los m\u00ednimos est\u00e1ndares de calidad para el servicio tur\u00edstico tanto en lo gastron\u00f3mico, como en el campo de la hoteler\u00eda y el de los alojamientos temporarios. \u201cEsto no quiere decir que el Estado intervenga para estorbar o interponerse en la relaci\u00f3n entre los privados o particulares, tanto en el que ofrece el servicio como el que lo contrata, pero s\u00ed para garantizar un buen servicio, lo que hace a la imagen en general de la provincia\u201d, reconoci\u00f3 y ampli\u00f3 la fuente oficial consultada.<\/p>\n\n\n\n<p>El repaso de las m\u00e1s de 300 medidas del decreto, contenidas en casi 90 p\u00e1ginas, llev\u00f3 al gabinete de Cornejo a coincidir en que mucho de lo que se llevar\u00e1 adelante en cuanto a reforma del Estado en la Naci\u00f3n, en Mendoza se encar\u00f3 ocho a\u00f1os atr\u00e1s, cuando Cambia Mendoza tom\u00f3 el control de la provincia en aquella primera gesti\u00f3n de Cornejo. Los ministros y legisladores se refirieron, m\u00e1s que nada, a las empresas de Estado que fueron convertidas en sociedades an\u00f3nimas, sin que quede alguna como sociedad del Estado, tales como Emesa, Aysam, la STM e Impulsa, esta \u00faltima para atender la actividad minera en el territorio provincial. En esa l\u00ednea se repas\u00f3, adem\u00e1s, lo que el Gobierno entiende como un fuerte achicamiento de la planta de funcionarios pol\u00edticos, que pasaron de ser 512 en el 2015 a 240 de la actualidad, sin descartar, tambi\u00e9n se habr\u00eda precisado en el encuentro, que se avance en una nueva reducci\u00f3n.<\/p>\n\n\n\n<p>Un aspecto en el que se puso atenci\u00f3n fue en el tramo de la derogaci\u00f3n de algunas leyes del sector vitivin\u00edcola, que Milei present\u00f3 como la \u201cliberaci\u00f3n del r\u00e9gimen jur\u00eddico aplicable al sector vitivin\u00edcola\u201d. Pero tampoco la eliminaci\u00f3n de un grupo de tres leyes, vigentes de los a\u00f1os 70, sin ser aplicadas, provoc\u00f3 alguna alteraci\u00f3n. Ni siquiera preocupaci\u00f3n en el punto del cupo para mostos, porque en Mendoza entienden que ser\u00e1 un asunto que terminar\u00e1n resolviendo todos los a\u00f1os las provincias en su conjunto con el sector vitivin\u00edcola, como parte de un acuerdo sectorial e interprovincial, sin una necesaria injerencia de la Naci\u00f3n.<\/p>\n\n\n\n<p>En lo que s\u00ed hubo alivio y festejo evidente fue en la eliminaci\u00f3n de los reg\u00edmenes de promoci\u00f3n industrial que tanto afectaron a Mendoza y que est\u00e1 incluida en el megadecreto de Milei. Este aspecto de la promoci\u00f3n industrial quiz\u00e1s haya sido el \u00fanico que afecta a una decisi\u00f3n tributaria, una prerrogativa exclusiva del Parlamento y que podr\u00eda llegar a ser cuestionada ante la Justicia, como ya un profuso grupo de constitucionalistas a nivel nacional lo han advertido. Incluso, tildando la medida como inconstitucional en un sentido amplio. Pero no ser\u00e1 un tema que impulse Mendoza, claramente.<\/p>\n\n\n\n<p>FUENTE: elsol.com.ar <\/p>\n","protected":false},"excerpt":{"rendered":"<p>Mientras en las filas nacionales de un disperso, ciertamente, Juntos por el Cambio se iban sumando voces de advertencia y cargadas de una fuerte cr\u00edtica jur\u00eddica, constitucional y pol\u00edtica en contra del mega-DNU del presidente&nbsp;Javier Milei, por el que desregul\u00f3 toda la actividad econ\u00f3mica en general, el gobernador&nbsp;Alfredo Cornejo&nbsp;\u2013al frente de una reuni\u00f3n de gabinete [&hellip;]<\/p>\n","protected":false},"author":2,"featured_media":4006,"comment_status":"open","ping_status":"open","sticky":true,"template":"","format":"standard","meta":[],"categories":[47],"tags":[],"_links":{"self":[{"href":"https:\/\/pasaenmendoza.com\/index.php?rest_route=\/wp\/v2\/posts\/4005"}],"collection":[{"href":"https:\/\/pasaenmendoza.com\/index.php?rest_route=\/wp\/v2\/posts"}],"about":[{"href":"https:\/\/pasaenmendoza.com\/index.php?rest_route=\/wp\/v2\/types\/post"}],"author":[{"embeddable":true,"href":"https:\/\/pasaenmendoza.com\/index.php?rest_route=\/wp\/v2\/users\/2"}],"replies":[{"embeddable":true,"href":"https:\/\/pasaenmendoza.com\/index.php?rest_route=%2Fwp%2Fv2%2Fcomments&post=4005"}],"version-history":[{"count":1,"href":"https:\/\/pasaenmendoza.com\/index.php?rest_route=\/wp\/v2\/posts\/4005\/revisions"}],"predecessor-version":[{"id":4007,"href":"https:\/\/pasaenmendoza.com\/index.php?rest_route=\/wp\/v2\/posts\/4005\/revisions\/4007"}],"wp:featuredmedia":[{"embeddable":true,"href":"https:\/\/pasaenmendoza.com\/index.php?rest_route=\/wp\/v2\/media\/4006"}],"wp:attachment":[{"href":"https:\/\/pasaenmendoza.com\/index.php?rest_route=%2Fwp%2Fv2%2Fmedia&parent=4005"}],"wp:term":[{"taxonomy":"category","embeddable":true,"href":"https:\/\/pasaenmendoza.com\/index.php?rest_route=%2Fwp%2Fv2%2Fcategories&post=4005"},{"taxonomy":"post_tag","embeddable":true,"href":"https:\/\/pasaenmendoza.com\/index.php?rest_route=%2Fwp%2Fv2%2Ftags&post=4005"}],"curies":[{"name":"wp","href":"https:\/\/api.w.org\/{rel}","templated":true}]}}