{"id":4008,"date":"2023-12-22T12:40:45","date_gmt":"2023-12-22T11:40:45","guid":{"rendered":"https:\/\/pasaenmendoza.com\/?p=4008"},"modified":"2023-12-22T12:40:46","modified_gmt":"2023-12-22T11:40:46","slug":"andres-peti-lombardi-asumio-como-nuevo-presidente-de-la-ucr-mendoza","status":"publish","type":"post","link":"https:\/\/pasaenmendoza.com\/?p=4008","title":{"rendered":"Andr\u00e9s &#8220;Peti&#8221; Lombardi asumi\u00f3 como nuevo presidente de la UCR Mendoza"},"content":{"rendered":"\n<p>El diputado provincial fue elegido por consenso y reemplazar\u00e1 en la presidencia a Tadeo Garc\u00eda Zalazar, que en la actualidad es uno de los &#8220;superministros&#8221; de la gesti\u00f3n Cornejo<\/p>\n\n\n\n<p><strong>Andr\u00e9s &#8220;Peti&#8221; Lombardi<\/strong>\u00a0asumi\u00f3 este jueves como\u00a0<strong>nuevo presidente de la UCR Mendoza<\/strong>. El diputado provincial -que lleg\u00f3 por\u00a0<strong>consenso<\/strong>\u00a0a su nuevo rol partidario- dijo sentirse &#8220;<strong>orgulloso<\/strong>&#8220;.<\/p>\n\n\n\n<p>&#8220;Sobre todo para alguien que milita desde joven.\u00a0<strong>Es un honor representar al partido que le ha dado sentido a mi vida<\/strong>. Esta gesti\u00f3n acompa\u00f1ar\u00e1 la uni\u00f3n de nuestro partido&#8221;, declar\u00f3 Lombardi luego de su nombramiento.<\/p>\n\n\n\n<h2 class=\"wp-block-heading\">&#8220;Nace una nueva Argentina&#8221;<\/h2>\n\n\n\n<p>El nuevo presidente<strong>&nbsp;elogi\u00f3 a sus antecesores<\/strong>, en especial al ex intendente de Godoy Cruz,&nbsp;<strong>Tadeo Garc\u00eda Zalazar<\/strong>, quien estuvo en la presidencia de la UCR durante dos mandatos y luego pas\u00f3 a ser&nbsp;<strong>ministro Educaci\u00f3n, Cultura, Infancias y DGE del nuevo gobierno de Alfredo Cornejo<\/strong>.<\/p>\n\n\n\n<p>Lombardi afirm\u00f3 que en su espacio dejaron huella &#8220;grandes dirigentes que han logrado que este sea&nbsp;<strong>el radicalismo m\u00e1s exitoso de la historia de Mendoza y del pa\u00eds<\/strong>&#8220;.<\/p>\n\n\n\n<p>Pero, a su vez, reconoci\u00f3 que le toca asumir en&nbsp;<strong>&#8220;un momento de mucha convulsi\u00f3n&#8221;<\/strong>&nbsp;que requerir\u00e1 &#8220;redoblar nuestros esfuerzos como militancia&#8221;.<\/p>\n\n\n\n<p>&#8220;Tenemos la certeza que a partir del d\u00eda de hoy\u00a0<strong>termina el modelo populista y empieza a nacer una nueva Argentina<\/strong>&#8220;, arriesg\u00f3.<\/p>\n\n\n\n<h2 class=\"wp-block-heading\">El equipo de Lombardi<\/h2>\n\n\n\n<p>La vicepresidenta de la UCR ser\u00e1\u00a0<strong>Griselda Petri<\/strong>, hermana de Luis Petri, el ex candidato a la vicepresidencia de la Naci\u00f3n en la f\u00f3rmula de Juntos por el Cambio que encabez\u00f3 Patricia Bullrich.<\/p>\n\n\n\n<p>La designaci\u00f3n de Griselda como vice ha sido interpretada por muchos como una&nbsp;<strong>muestra de unidad en el radicalismo<\/strong>, tomando en cuenta que Luis compiti\u00f3 en las PASO contra Cornejo y que luego, en el balotaje, se expres\u00f3 abiertamente en favor de Javier Milei, siendo&nbsp;<strong>hoy su ministro de Defensa<\/strong>.<\/p>\n\n\n\n<p>En tanto, ex intendente de Tupungato y actual diputado provincial,\u00a0<strong>Gustavo Soto<\/strong>, ser\u00e1 el secretario general. Adem\u00e1s,\u00a0<strong>Florencia Lima<\/strong>\u00a0ser\u00e1 titular de la Juventud Provincial y\u00a0<strong>Agust\u00edn Boato<\/strong>\u00a0el vice.<\/p>\n\n\n\n<p>FUENTE: Diariouno.com.ar <\/p>\n","protected":false},"excerpt":{"rendered":"<p>El diputado provincial fue elegido por consenso y reemplazar\u00e1 en la presidencia a Tadeo Garc\u00eda Zalazar, que en la actualidad es uno de los &#8220;superministros&#8221; de la gesti\u00f3n Cornejo Andr\u00e9s &#8220;Peti&#8221; Lombardi\u00a0asumi\u00f3 este jueves como\u00a0nuevo presidente de la UCR Mendoza. El diputado provincial -que lleg\u00f3 por\u00a0consenso\u00a0a su nuevo rol partidario- dijo sentirse &#8220;orgulloso&#8220;. &#8220;Sobre todo [&hellip;]<\/p>\n","protected":false},"author":2,"featured_media":4009,"comment_status":"open","ping_status":"open","sticky":true,"template":"","format":"standard","meta":[],"categories":[47],"tags":[],"_links":{"self":[{"href":"https:\/\/pasaenmendoza.com\/index.php?rest_route=\/wp\/v2\/posts\/4008"}],"collection":[{"href":"https:\/\/pasaenmendoza.com\/index.php?rest_route=\/wp\/v2\/posts"}],"about":[{"href":"https:\/\/pasaenmendoza.com\/index.php?rest_route=\/wp\/v2\/types\/post"}],"author":[{"embeddable":true,"href":"https:\/\/pasaenmendoza.com\/index.php?rest_route=\/wp\/v2\/users\/2"}],"replies":[{"embeddable":true,"href":"https:\/\/pasaenmendoza.com\/index.php?rest_route=%2Fwp%2Fv2%2Fcomments&post=4008"}],"version-history":[{"count":1,"href":"https:\/\/pasaenmendoza.com\/index.php?rest_route=\/wp\/v2\/posts\/4008\/revisions"}],"predecessor-version":[{"id":4010,"href":"https:\/\/pasaenmendoza.com\/index.php?rest_route=\/wp\/v2\/posts\/4008\/revisions\/4010"}],"wp:featuredmedia":[{"embeddable":true,"href":"https:\/\/pasaenmendoza.com\/index.php?rest_route=\/wp\/v2\/media\/4009"}],"wp:attachment":[{"href":"https:\/\/pasaenmendoza.com\/index.php?rest_route=%2Fwp%2Fv2%2Fmedia&parent=4008"}],"wp:term":[{"taxonomy":"category","embeddable":true,"href":"https:\/\/pasaenmendoza.com\/index.php?rest_route=%2Fwp%2Fv2%2Fcategories&post=4008"},{"taxonomy":"post_tag","embeddable":true,"href":"https:\/\/pasaenmendoza.com\/index.php?rest_route=%2Fwp%2Fv2%2Ftags&post=4008"}],"curies":[{"name":"wp","href":"https:\/\/api.w.org\/{rel}","templated":true}]}}