{"id":4011,"date":"2023-12-22T12:47:08","date_gmt":"2023-12-22T11:47:08","guid":{"rendered":"https:\/\/pasaenmendoza.com\/?p=4011"},"modified":"2023-12-22T12:47:10","modified_gmt":"2023-12-22T11:47:10","slug":"el-presidente-del-colegio-farmaceutico-de-mendoza-aseguro-que-ira-a-la-justicia-contra-el-mega-dnu","status":"publish","type":"post","link":"https:\/\/pasaenmendoza.com\/?p=4011","title":{"rendered":"El presidente del Colegio Farmac\u00e9utico de Mendoza asegur\u00f3 que ir\u00e1 a la Justicia contra el mega DNU"},"content":{"rendered":"\n<p>Mario Valestra manifest\u00f3 que el DNU implica un &#8220;avasallamiento&#8221; a la profesi\u00f3n de los farmac\u00e9uticos y asegur\u00f3 que van a pedir un amparo para proteger sus derechos<\/p>\n\n\n\n<p>Dentro de los 366 art\u00edculos con los que cuenta el<strong>\u00a0Decreto de Necesidad y Urgencia que anunci\u00f3 este mi\u00e9rcoles por la noche Javier Milei<\/strong>, se incluyeron una serie de modificaciones a la\u00a0<strong>Ley Nacional 17.565<\/strong>, que regula el funcionamiento de las\u00a0<strong>farmacias<\/strong>, el ejercicio de la\u00a0<strong>profesi\u00f3n farmac\u00e9utica<\/strong>\u00a0y la prescripci\u00f3n de\u00a0<strong>medicamentos<\/strong>.<\/p>\n\n\n\n<p>Entre los temas m\u00e1s pol\u00e9micos que se modifican, se encuentra el&nbsp;<strong>permiso para que cualquier comercio, real o digital, pueda comercializar medicamentos de venta libre<\/strong>&nbsp;\u2013desde un kiosco hasta una aplicaci\u00f3n de ventas online-.<\/p>\n\n\n\n<p>Pero tambi\u00e9n tiene injerencia sobre la profesi\u00f3n de los&nbsp;<strong>farmac\u00e9uticos<\/strong>.<\/p>\n\n\n\n<p>Estas y otras modificaciones fueron muy mal recibidas por todas las entidades farmac\u00e9uticas del pa\u00eds. En el caso de Mendoza, quien habl\u00f3 fue el presidente del Colegio Farmac\u00e9utico,\u00a0<strong>Mario Valestra<\/strong>, quien asegur\u00f3 que se trata de un avasallamiento de los derechos profesionales y que<strong>\u00a0van a ir a la Justicia a solicitar un recurso de amparo, para que el DNU no entre en vigencia<\/strong>.<\/p>\n\n\n\n<h2 class=\"wp-block-heading\">Qu\u00e9 modificaciones sobre medicamentos aplica el DNU<\/h2>\n\n\n\n<p>Adem\u00e1s de la comercializaci\u00f3n de los medicamentos de venta libre en cualquier comercio, el DNU tambi\u00e9n modifica otros aspectos relacionados con los f\u00e1rmacos. Esto tambi\u00e9n implica<strong>&nbsp;que las droguer\u00edas puedan vender los remedios directamente a los pacientes<\/strong>.<\/p>\n\n\n\n<p>Una de estas modificaciones es que desde que entre en vigencia el decreto, los m\u00e9dicos no podr\u00e1n sugerir marcas de remedio en las recetas,&nbsp;<strong>solo pueden prescribir con la denominaci\u00f3n internacional de las drogas<\/strong>.<\/p>\n\n\n\n<p>Por otra parte, tambi\u00e9n se determina que\u00a0<strong>las recetas deber\u00e1n ser digitales<\/strong>, a partir de mediados del 2024, para facilitar la compra.<\/p>\n\n\n\n<p>Si bien el primero de los cambios mencionados es el que m\u00e1s conflictivo para los farmac\u00e9uticos, lo que m\u00e1s molest\u00f3 a estos profesionales son\u00a0<strong>los cambios en la regulaci\u00f3n de las farmacias<\/strong>.<\/p>\n\n\n\n<h2 class=\"wp-block-heading\">\u201cAvasallamiento\u201d a la profesi\u00f3n de los farmac\u00e9uticos<\/h2>\n\n\n\n<p>El presidente del Colegio Farmac\u00e9utico de Mendoza explic\u00f3 cu\u00e1les son las intervenciones del DNU en su profesi\u00f3n.<\/p>\n\n\n\n<p>Actualmente, la Ley Nacional 17.565 expresa que el farmac\u00e9utico tiene que tener presencia permanente en la farmacia en la que ejerza la direcci\u00f3n t\u00e9cnica.&nbsp;<strong>Lo que permite el DNU es que el director t\u00e9cnico de una farmacia pueda tener m\u00e1s de uno de estos negocios a cargo y no es necesaria su presencia f\u00edsica en el lugar<\/strong>. Puede dejar a un farmac\u00e9utico adscripto o un t\u00e9cnico a cargo.<\/p>\n\n\n\n<p>Valestra tambi\u00e9n explic\u00f3 que&nbsp;<strong>el DNU se refiere a la propiedad de las farmacias, pudiendo constituirse una sociedad an\u00f3nima o cualquier tipo de sociedad<\/strong>.<\/p>\n\n\n\n<p>\u201cEl DNU&nbsp;<strong>pega muy fuerte en los derechos de los profesionales farmac\u00e9uticos<\/strong>&nbsp;y a los derechos sanitarios de las farmacias; nosotros estamos sumamente preocupados por este tema\u201d, admiti\u00f3 el entrevistado.<\/p>\n\n\n\n<p>Lo que afirm\u00f3 el director del Colegio Farmac\u00e9utico es que est\u00e1n hablando con los abogados, tanto a nivel provincial como nacional, para<strong>&nbsp;tomar las medidas de &#8220;defensa de la profesi\u00f3n&#8221;<\/strong>.<\/p>\n\n\n\n<p>\u201cVamos a plantear amparos y&nbsp;<strong>trabajar con el Gobierno de la provincia para que no adhiera a este DNU.<\/strong>&nbsp;Tambi\u00e9n con legisladores provinciales y nacionales\u201d, avis\u00f3.<\/p>\n\n\n\n<p>Valestra asegur\u00f3 que el DNU deja a las farmacias totalmente desprotegidas, las droguer\u00edas pueden dispensar los medicamentos sin que deba mediar la farmacia.<\/p>\n\n\n\n<p>\u201c<strong>Corre riesgo la estructura de la farmacia como hoy la conocemos<\/strong>\u201d, sentenci\u00f3.<\/p>\n\n\n\n<p>Para concluir, asever\u00f3 que&nbsp;<strong>no se entiende por qu\u00e9 incluir esta tem\u00e1tica en un DNU, porque no hay ning\u00fan tipo de urgencia<\/strong>&nbsp;en hacerlo de esta manera.<\/p>\n\n\n\n<p>\u201cEsto no trae competencia de precios.\u00a0<strong>Los medicamentos como bien social no pueden estar expuestos a la ley de oferta y demanda<\/strong>. De lo contrario, el precio de los medicamentos respiratorios, por ejemplo, se disparar\u00eda en invierno porque es cuando se utilizan m\u00e1s\u201d, sintetiz\u00f3.<\/p>\n\n\n\n<p>FUENTE: Diariouno.com.ar <\/p>\n","protected":false},"excerpt":{"rendered":"<p>Mario Valestra manifest\u00f3 que el DNU implica un &#8220;avasallamiento&#8221; a la profesi\u00f3n de los farmac\u00e9uticos y asegur\u00f3 que van a pedir un amparo para proteger sus derechos Dentro de los 366 art\u00edculos con los que cuenta el\u00a0Decreto de Necesidad y Urgencia que anunci\u00f3 este mi\u00e9rcoles por la noche Javier Milei, se incluyeron una serie de [&hellip;]<\/p>\n","protected":false},"author":2,"featured_media":4012,"comment_status":"open","ping_status":"open","sticky":true,"template":"","format":"standard","meta":[],"categories":[47],"tags":[],"_links":{"self":[{"href":"https:\/\/pasaenmendoza.com\/index.php?rest_route=\/wp\/v2\/posts\/4011"}],"collection":[{"href":"https:\/\/pasaenmendoza.com\/index.php?rest_route=\/wp\/v2\/posts"}],"about":[{"href":"https:\/\/pasaenmendoza.com\/index.php?rest_route=\/wp\/v2\/types\/post"}],"author":[{"embeddable":true,"href":"https:\/\/pasaenmendoza.com\/index.php?rest_route=\/wp\/v2\/users\/2"}],"replies":[{"embeddable":true,"href":"https:\/\/pasaenmendoza.com\/index.php?rest_route=%2Fwp%2Fv2%2Fcomments&post=4011"}],"version-history":[{"count":1,"href":"https:\/\/pasaenmendoza.com\/index.php?rest_route=\/wp\/v2\/posts\/4011\/revisions"}],"predecessor-version":[{"id":4013,"href":"https:\/\/pasaenmendoza.com\/index.php?rest_route=\/wp\/v2\/posts\/4011\/revisions\/4013"}],"wp:featuredmedia":[{"embeddable":true,"href":"https:\/\/pasaenmendoza.com\/index.php?rest_route=\/wp\/v2\/media\/4012"}],"wp:attachment":[{"href":"https:\/\/pasaenmendoza.com\/index.php?rest_route=%2Fwp%2Fv2%2Fmedia&parent=4011"}],"wp:term":[{"taxonomy":"category","embeddable":true,"href":"https:\/\/pasaenmendoza.com\/index.php?rest_route=%2Fwp%2Fv2%2Fcategories&post=4011"},{"taxonomy":"post_tag","embeddable":true,"href":"https:\/\/pasaenmendoza.com\/index.php?rest_route=%2Fwp%2Fv2%2Ftags&post=4011"}],"curies":[{"name":"wp","href":"https:\/\/api.w.org\/{rel}","templated":true}]}}