{"id":4017,"date":"2023-12-22T13:08:33","date_gmt":"2023-12-22T12:08:33","guid":{"rendered":"https:\/\/pasaenmendoza.com\/?p=4017"},"modified":"2023-12-22T13:08:34","modified_gmt":"2023-12-22T12:08:34","slug":"balearon-a-una-joven-de-16-en-un-presunto-ajuste-de-cuentas-en-las-heras","status":"publish","type":"post","link":"https:\/\/pasaenmendoza.com\/?p=4017","title":{"rendered":"Balearon a una joven de 16 en un presunto ajuste de cuentas en Las Heras"},"content":{"rendered":"\n<p>Una adolescente fue baleada en el pie por un presunto ajuste de cuentas en\u00a0<strong>Las Heras<\/strong>. La ni\u00f1a fue trasladada al Lagomaggiore de urgencia.<\/p>\n\n\n\n<p>Un llamado lleg\u00f3 este jueves a la l\u00ednea de emergencias del 911 a las 13:10 solicitando una ambulancia por una ni\u00f1a de 16 a\u00f1os que fue baleada en uno de sus pies.<\/p>\n\n\n\n<p>Al llegar al lugar los efectivos encontraron a la menor herida y \u00e9sta relat\u00f3 que se encontraba en la puerta de su casa en el\u00a0<strong>Barrio 8 de Abril<\/strong>\u00a0cuando un auto Peugeot 206 con tres personas a bordo la intercept\u00f3, de \u00e9l baj\u00f3 una mujer, aparentemente familiar de la menor, y con un arma en la mano la apunt\u00f3 al grito de: &#8220;Por culpa tuya y de tu mam\u00e1 mi hermano est\u00e1 preso&#8221;.\u00a0<\/p>\n\n\n\n<p>Casi en simult\u00e1neo la mujer apret\u00f3 el gatillo en direcci\u00f3n al pecho de la ni\u00f1a pero los dos disparos no salieron, en un tercer intento la bala sali\u00f3 y le impact\u00f3 en el pie a la menor.<\/p>\n\n\n\n<p>M\u00e9dicos del\u00a0<strong>Servicios de Emergencia Coordinado<\/strong>\u00a0la diagnosticaron con herida de arma de fuego en pie derecho con orificio de entrada y salida, la cual es trasladada al\u00a0<strong>Hospital Lagomaggiore<\/strong>\u00a0en compa\u00f1\u00eda de su madre.<\/p>\n\n\n\n<p><strong>Fuente: www.mendozapost.com<\/strong><\/p>\n","protected":false},"excerpt":{"rendered":"<p>Una adolescente fue baleada en el pie por un presunto ajuste de cuentas en\u00a0Las Heras. La ni\u00f1a fue trasladada al Lagomaggiore de urgencia. Un llamado lleg\u00f3 este jueves a la l\u00ednea de emergencias del 911 a las 13:10 solicitando una ambulancia por una ni\u00f1a de 16 a\u00f1os que fue baleada en uno de sus pies. [&hellip;]<\/p>\n","protected":false},"author":2,"featured_media":4018,"comment_status":"open","ping_status":"open","sticky":false,"template":"","format":"standard","meta":[],"categories":[48],"tags":[],"_links":{"self":[{"href":"https:\/\/pasaenmendoza.com\/index.php?rest_route=\/wp\/v2\/posts\/4017"}],"collection":[{"href":"https:\/\/pasaenmendoza.com\/index.php?rest_route=\/wp\/v2\/posts"}],"about":[{"href":"https:\/\/pasaenmendoza.com\/index.php?rest_route=\/wp\/v2\/types\/post"}],"author":[{"embeddable":true,"href":"https:\/\/pasaenmendoza.com\/index.php?rest_route=\/wp\/v2\/users\/2"}],"replies":[{"embeddable":true,"href":"https:\/\/pasaenmendoza.com\/index.php?rest_route=%2Fwp%2Fv2%2Fcomments&post=4017"}],"version-history":[{"count":1,"href":"https:\/\/pasaenmendoza.com\/index.php?rest_route=\/wp\/v2\/posts\/4017\/revisions"}],"predecessor-version":[{"id":4019,"href":"https:\/\/pasaenmendoza.com\/index.php?rest_route=\/wp\/v2\/posts\/4017\/revisions\/4019"}],"wp:featuredmedia":[{"embeddable":true,"href":"https:\/\/pasaenmendoza.com\/index.php?rest_route=\/wp\/v2\/media\/4018"}],"wp:attachment":[{"href":"https:\/\/pasaenmendoza.com\/index.php?rest_route=%2Fwp%2Fv2%2Fmedia&parent=4017"}],"wp:term":[{"taxonomy":"category","embeddable":true,"href":"https:\/\/pasaenmendoza.com\/index.php?rest_route=%2Fwp%2Fv2%2Fcategories&post=4017"},{"taxonomy":"post_tag","embeddable":true,"href":"https:\/\/pasaenmendoza.com\/index.php?rest_route=%2Fwp%2Fv2%2Ftags&post=4017"}],"curies":[{"name":"wp","href":"https:\/\/api.w.org\/{rel}","templated":true}]}}