{"id":4020,"date":"2023-12-22T13:16:22","date_gmt":"2023-12-22T12:16:22","guid":{"rendered":"https:\/\/pasaenmendoza.com\/?p=4020"},"modified":"2023-12-22T13:16:23","modified_gmt":"2023-12-22T12:16:23","slug":"lo-acusaban-por-venta-de-drogas-y-cayo-con-una-banda-de-pseudos-policias","status":"publish","type":"post","link":"https:\/\/pasaenmendoza.com\/?p=4020","title":{"rendered":"Lo acusaban por venta de drogas y cay\u00f3 con una banda de pseudos polic\u00edas"},"content":{"rendered":"\n<p>Desde hace tiempo que el nombre de&nbsp;<strong>Franco Luis Guillermo V\u00e9lez Villafa\u00f1e<\/strong>&nbsp;(37), alias el&nbsp;<em>Boli<\/em>, es conocido por los detectives policiales. En las \u00faltimas dos d\u00e9cadas el hombre de 37 a\u00f1os ha sido sindicado por robos,&nbsp;<strong>abuso sexual<\/strong>, amenazas, lesiones y en varias ocasiones fue investigado por&nbsp;<strong>venta de drogas<\/strong>.<\/p>\n\n\n\n<p>Junto a sus hermanos ha adquirido cierta reputaci\u00f3n en la zona de los distritos\u00a0<strong>Chacras de Coria<\/strong>\u00a0y\u00a0<strong>Vertientes del Pedemonte<\/strong>, en\u00a0<strong>Luj\u00e1n de Cuyo<\/strong>, donde tienen base, y su vida ligada al hampa es vox populi entre los vecinos. Eso no es todo, tambi\u00e9n fue v\u00edctima de un secuestro y atestigu\u00f3 en la causa de un\u00a0<strong>doble crimen\u00a0<\/strong>con tintes narco que fue perpetrado en su casa del\u00a0<strong>barrio Eco Chacras<\/strong>.<\/p>\n\n\n\n<p>Este mi\u00e9rcoles el historial delictivo del&nbsp;<em>Boli&nbsp;<\/em>sum\u00f3 un nuevo cap\u00edtulo cuando lo capturaron durante una serie de allanamientos que se realizaron en el marco de una investigaci\u00f3n por una<strong>&nbsp;banda pseudo policial<\/strong>&nbsp;que, desde el a\u00f1o pasado, ven\u00eda cometiendo violentos robos domiciliarios en Luj\u00e1n.<\/p>\n\n\n\n<p><mark>V\u00e9lez Villafa\u00f1e cay\u00f3 junto a otros tres presuntos miembros de la gavilla:\u00a0<strong>Diego Cuello\u00a0<\/strong>(36),\u00a0<strong>Omar\u00a0<em>Cepillo\u00a0<\/em>Rodr\u00edguez<\/strong>\u00a0(32) y\u00a0<strong>Maximiliano Villalba\u00a0<\/strong>(36), apodado el\u00a0<em>Carita Feliz<\/em><\/mark>. Los cuatro sospechosos quedaron a disposici\u00f3n de la fiscal de Robos y Hurtos\u00a0<strong>Juliana Labayru<\/strong>, quien lidera la instrucci\u00f3n, y definir\u00e1 en las pr\u00f3ximas horas su situaci\u00f3n procesal.<\/p>\n\n\n\n<p>La investigaci\u00f3n sostiene que el modus operandi del grupo consist\u00eda en ingresar a domicilios pateando la puerta, haci\u00e9ndose pasar en la mayor\u00eda de los hechos por efectivos de Investigaciones.<\/p>\n\n\n\n<p><mark>Cubiertos con pasamonta\u00f1as y utilizando guantes, portaban armas largas y de pu\u00f1o, con las que amedrentaban y reduc\u00edan a las v\u00edctimas mientras se encontraban durmiendo<\/mark>, por lo que, generalmente, actuaban durante la noche o la madrugada, agrega la informaci\u00f3n.<\/p>\n\n\n\n<p>Con extrema violencia, los maleantes registraban minuciosamente las viviendas en busca de joyas, dinero o elementos de valor, tales como computadoras, celulares y televisores. Una vez con el bot\u00edn en su poder, dejaban encerradas a las v\u00edctimas en alguna habitaci\u00f3n y se daban a la fuga.<\/p>\n\n\n\n<p>Otra particularidad de la banda era que sol\u00edan acceder y escapar por los fondos de las propiedades o a trav\u00e9s de fincas o terrenos aleda\u00f1os, siempre saltando o cortando cercos perimetrales, con el objetivo de no ser detectados por vecinos o c\u00e1mara de seguridad.<\/p>\n\n\n\n<p>Desde hace tiempo, el personal de la\u00a0<strong>Divisi\u00f3n Robos y Hurtos<\/strong>\u00a0de Investigaciones\u00a0<mark>advirti\u00f3 que una seguidilla de golpes perpetrados entre febrero y junio de 2022 en la zona de Vistalba fueron consumados por el mismo grupo de asaltantes.<\/mark><\/p>\n\n\n\n<p>Mediante un an\u00e1lisis de redes sociales, comunicaciones telef\u00f3nicas y la colaboraci\u00f3n de vecinos, los pesquisa identificaron a V\u00e9lez Villafa\u00f1e, Cuello, Villalba y Rodr\u00edguez como presuntos autores de los hechos.<\/p>\n\n\n\n<p>De esta forma, el mi\u00e9rcoles se practicaron las medidas que permitieron la detenci\u00f3n de los cuatro sindicados asaltantes y&nbsp;<mark>hubo secuestros de pertenencias de las v\u00edctimas de los robos: una c\u00e1mara de fotos, un secador de pelo y autopartes de un Renault 12<\/mark>.<\/p>\n\n\n\n<p>Tambi\u00e9n incautaron dinero en efectivo en moneda local y extranjera, un chaleco antibalas, municiones, celulares y plantas de marihuana, detallaron las fuentes del caso.<\/p>\n\n\n\n<p><strong>V\u00edctima, testigo e imputado<\/strong><\/p>\n\n\n\n<p>Se podr\u00eda decir que el&nbsp;<em>Boli&nbsp;<\/em>V\u00e9lez Villafa\u00f1e ha pasado por todos los roles que puede llegar a tener un civil en una causa judicial.<\/p>\n\n\n\n<p>Como imputado registra antecedentes por&nbsp;<mark>violaci\u00f3n de domicilio (2006), robo simple (2008), dos hechos de amenazas agravadas (2009), lesiones (2010), abuso sexual (2015), abuso de arma y amenazas agravadas por el uso de arma de fuego (2017)<\/mark>.<\/p>\n\n\n\n<p>Pero eso s\u00f3lo teniendo en cuenta los delitos que investiga la Justicia provincial, ya que tambi\u00e9n tuvo varios pasos por el fuero federal: fue procesado por infracci\u00f3n a la\u00a0<strong>Ley 23.737<\/strong>\u00a0(de estupefacientes) en 2015 y 2020.<\/p>\n\n\n\n<p>Tambi\u00e9n lo detuvieron en 2013 durante un procedimiento narco en el barrio Eco Chacras, pero s\u00f3lo le hallaron algunos billetes que llevaba en su bolsillo cuando sal\u00eda de una vivienda marcada como quiosquito de venta de drogas.<\/p>\n\n\n\n<p>En el interior de esa casa, donde se encontraban su hermana,<strong>&nbsp;Melisa Roc\u00edo V\u00e9lez Villafa\u00f1e<\/strong>, y su madre, los polic\u00edas dieron con dinero, coca\u00edna, porros y elementos para el fraccionamiento de las sustancias.<\/p>\n\n\n\n<p><mark>La hermana del&nbsp;<em>Boli&nbsp;<\/em>termin\u00f3 condenada por esa causa a tres a\u00f1os de prisi\u00f3n condicional en junio de 2017<\/mark>.<\/p>\n\n\n\n<p>Por su parte, el 23 de enero de 2018, V\u00e9lez Villafa\u00f1e fue secuestrado por un grupo de sujetos cuando viv\u00eda en un asentamiento de calle Los \u00c1lamos, en Luj\u00e1n. Los autores portaban chalecos antibalas, simulando ser polic\u00edas, y tambi\u00e9n le sustrajeron algunas pertenencias.<\/p>\n\n\n\n<p>El grupo estaba decidido a llevarse al&nbsp;<em>Boli<\/em>, tanto es as\u00ed que cuando un vecino trat\u00f3 de enfrentarlos y evitar que lo secuestraran, ante los gritos desesperados de la pareja, le dieron un tiro en una pierna.<\/p>\n\n\n\n<p>Acto seguido,\u00a0<mark>lo cargaron a un<strong>\u00a0Ford Focus<\/strong>\u00a0rojo y lo llevaron hasta la zona del\u00a0<strong>barrio Sol y Sierra,<\/strong>\u00a0donde lo dejaron gravemente herido, ya que le propinaron una tremenda paliza<\/mark>. Fue un vecino de la zona el que lo encontr\u00f3, lo carg\u00f3 a su auto y lo llev\u00f3 hasta la\u00a0<strong>Comisar\u00eda 50\u00aa<\/strong>, para terminar internado en el\u00a0<strong>Hospital Central<\/strong>.<\/p>\n\n\n\n<p>En el comienzo de la investigaci\u00f3n de ese hecho, todo apuntaba a que a V\u00e9lez Villafa\u00f1e&nbsp;<mark>le dieron un mensaje por tema de drogas, probablemente por parte de un rival o con alguien que manten\u00eda una deuda<\/mark>.<\/p>\n\n\n\n<p>Al a\u00f1o siguiente, precisamente el 23 de julio, un sangriento hecho tuvo como escenario su casa del&nbsp;<strong>barrio Escritorios Mendocinos<\/strong>. All\u00ed fueron asesinados&nbsp;<strong>Gabriel Adri\u00e1n Ortiz<\/strong>&nbsp;(38) y<strong>&nbsp;Juan Ricardo Carrizo&nbsp;<\/strong>(30).<\/p>\n\n\n\n<p>La investigaci\u00f3n, que apunt\u00f3 a que se produjo un conflicto en medio de una transacci\u00f3n narco, termin\u00f3 con\u00a0<strong>Darian el\u00a0<em>Porte\u00f1o\u00a0<\/em>Valdivia<\/strong>\u00a0condenado como part\u00edcipe secundario.<\/p>\n\n\n\n<p>Lo cierto es que&nbsp;<mark>V\u00e9lez Villafa\u00f1e y su pareja,&nbsp;<strong>Mayra Baigorria<\/strong>&nbsp;(31), presenciaron el doble homicidio y quedaron como testigos de identidad protegida, ya que durante la investigaci\u00f3n fueron blanco de amenazas<\/mark>.<\/p>\n\n\n\n<p>Ahora, el\u00a0<em>Boli\u00a0<\/em>deber\u00e1 enfrentar nuevas acusaciones en su contra y en las pr\u00f3ximas horas tendr\u00e1 una nueva etapa en prisi\u00f3n, imputado como parte de la banda pseudo policial que fue desbaratada, finalizaron las fuentes del caso.<\/p>\n\n\n\n<p><strong>Fuente: www.elsol.com.ar<\/strong><\/p>\n","protected":false},"excerpt":{"rendered":"<p>Desde hace tiempo que el nombre de&nbsp;Franco Luis Guillermo V\u00e9lez Villafa\u00f1e&nbsp;(37), alias el&nbsp;Boli, es conocido por los detectives policiales. En las \u00faltimas dos d\u00e9cadas el hombre de 37 a\u00f1os ha sido sindicado por robos,&nbsp;abuso sexual, amenazas, lesiones y en varias ocasiones fue investigado por&nbsp;venta de drogas. Junto a sus hermanos ha adquirido cierta reputaci\u00f3n en [&hellip;]<\/p>\n","protected":false},"author":2,"featured_media":4021,"comment_status":"open","ping_status":"open","sticky":false,"template":"","format":"standard","meta":[],"categories":[48],"tags":[],"_links":{"self":[{"href":"https:\/\/pasaenmendoza.com\/index.php?rest_route=\/wp\/v2\/posts\/4020"}],"collection":[{"href":"https:\/\/pasaenmendoza.com\/index.php?rest_route=\/wp\/v2\/posts"}],"about":[{"href":"https:\/\/pasaenmendoza.com\/index.php?rest_route=\/wp\/v2\/types\/post"}],"author":[{"embeddable":true,"href":"https:\/\/pasaenmendoza.com\/index.php?rest_route=\/wp\/v2\/users\/2"}],"replies":[{"embeddable":true,"href":"https:\/\/pasaenmendoza.com\/index.php?rest_route=%2Fwp%2Fv2%2Fcomments&post=4020"}],"version-history":[{"count":1,"href":"https:\/\/pasaenmendoza.com\/index.php?rest_route=\/wp\/v2\/posts\/4020\/revisions"}],"predecessor-version":[{"id":4022,"href":"https:\/\/pasaenmendoza.com\/index.php?rest_route=\/wp\/v2\/posts\/4020\/revisions\/4022"}],"wp:featuredmedia":[{"embeddable":true,"href":"https:\/\/pasaenmendoza.com\/index.php?rest_route=\/wp\/v2\/media\/4021"}],"wp:attachment":[{"href":"https:\/\/pasaenmendoza.com\/index.php?rest_route=%2Fwp%2Fv2%2Fmedia&parent=4020"}],"wp:term":[{"taxonomy":"category","embeddable":true,"href":"https:\/\/pasaenmendoza.com\/index.php?rest_route=%2Fwp%2Fv2%2Fcategories&post=4020"},{"taxonomy":"post_tag","embeddable":true,"href":"https:\/\/pasaenmendoza.com\/index.php?rest_route=%2Fwp%2Fv2%2Ftags&post=4020"}],"curies":[{"name":"wp","href":"https:\/\/api.w.org\/{rel}","templated":true}]}}