{"id":4023,"date":"2023-12-22T13:21:04","date_gmt":"2023-12-22T12:21:04","guid":{"rendered":"https:\/\/pasaenmendoza.com\/?p=4023"},"modified":"2023-12-22T13:21:05","modified_gmt":"2023-12-22T12:21:05","slug":"zafo-de-ser-condenado-a-perpetua-volvio-a-la-calle-y-ahora-lo-buscan-por-violencia-de-genero","status":"publish","type":"post","link":"https:\/\/pasaenmendoza.com\/?p=4023","title":{"rendered":"Zaf\u00f3 de ser condenado a perpetua, volvi\u00f3 a la calle y ahora lo buscan por violencia de g\u00e9nero"},"content":{"rendered":"\n<p><strong>Agust\u00edn Tom\u00e1s Rojos Baro<\/strong>&nbsp;zaf\u00f3 este a\u00f1o de ser condenado a prisi\u00f3n perpetua por el asesinato de la preceptora&nbsp;<strong>Hilda Elvira Vedia&nbsp;<\/strong>en Guaymall\u00e9n. El martes 13 de julio del 2021, una banda juvenil ingres\u00f3 al domicilio de la mujer de 48 a\u00f1os e intent\u00f3 robar marihuana que, al parecer, hab\u00eda en el lugar. La v\u00edctima nada ten\u00eda que ver con la sustancia y recibi\u00f3 un balazo que termin\u00f3 cost\u00e1ndole la vida 17 d\u00edas despu\u00e9s.<\/p>\n\n\n\n<p><mark>Rojos Baro fue el \u00fanico sujeto que lleg\u00f3 a juicio y el pasado jueves 8 de junio un jurado popular lo desvincul\u00f3 del asesinato\u00a0<\/mark>y s\u00f3lo lo hall\u00f3 culpable por el delito de participaci\u00f3n secundaria de robo agravado por el uso de arma de fuego en grado de tentativa, recibiendo de parte del juez t\u00e9cnico\u00a0<strong>Eduardo Martearena<\/strong>\u00a0tres a\u00f1os de prisi\u00f3n en suspenso y recuperando la libertad al otro d\u00eda porque ya hab\u00eda cumplido las dos terceras partes de la pena en situaci\u00f3n de encierro.<\/p>\n\n\n\n<p>De acuerdo con fuentes policiales y judiciales,\u00a0<strong>este joven podr\u00eda volver a la c\u00e1rcel porque se encuentra con pedido de captura desde el martes 19 por pedido del fiscal de Violencia de G\u00e9nero Federico Bergamin<\/strong>.<\/p>\n\n\n\n<p>Ese d\u00eda su&nbsp;<mark>ex pareja lo denunci\u00f3 por golpearla luego de una discusi\u00f3n<\/mark>&nbsp;que mantuvieron en el domicilio de ella, ubicado sobre calle Maure de El Bermejo.<\/p>\n\n\n\n<p>La informaci\u00f3n a la que accedi\u00f3&nbsp;<em><strong>El Sol&nbsp;<\/strong><\/em>sostiene que, minutos despu\u00e9s de las 15 de ese d\u00eda, la ex novia del sospechoso, de 28 a\u00f1os, lleg\u00f3 a su hogar de calle Maure y observ\u00f3 que Rojos Baro se encontraba durmiendo. La joven cont\u00f3 que, a simple vista, estaba ebrio y&nbsp;<em>\u201cbajo los efectos de estupefacientes\u201d,&nbsp;<\/em>por lo que le exigi\u00f3 que se retirara del lugar.<\/p>\n\n\n\n<p>Sin embargo,<strong>\u00a0Rojos Baro se ofusc\u00f3 y comenz\u00f3 una pelea. En un momento, describi\u00f3 la denunciante, sufri\u00f3 un golpe de pu\u00f1o en el p\u00f3mulo izquierdo<\/strong>. Las fuentes contaron que el ex convicto se retir\u00f3 r\u00e1pidamente de la escena en un auto gris.<\/p>\n\n\n\n<p>A los pocos minutos, ingres\u00f3 un llamado al 911 por violencia de g\u00e9nero y una movilidad policial lleg\u00f3 hasta la propiedad de la denunciante. Los uniformados recibieron la primera versi\u00f3n de la v\u00edctima y luego dieron aviso al ayudante fiscal, quien dispuso que radique la denuncia correspondiente en la Oficina Fiscal N\u00ba9.<\/p>\n\n\n\n<p>De esta forma, Rojos Baro, con base en zonas de calle Tirasso y Marie Curie, qued\u00f3 con pedido de captura. Hasta la tarde de este jueves, continuaba en la clandestinidad.<\/p>\n\n\n\n<p>Las fuentes consultadas por este diario contaron que, de ser detenido, ser\u00eda imputado por las lesiones en contexto de violencia de g\u00e9nero y volver\u00eda a la penitenciar\u00eda porque \u201cse encuentra en libertad condicional\u201d.<\/p>\n\n\n\n<p><strong>El hecho que lo mantuvo en la c\u00e1rcel<\/strong><\/p>\n\n\n\n<p>Rojos Baro es un personaje conocido en Guaymall\u00e9n por diversos hechos, principalmente robos. Cuando fue detenido por el asesinato de la&nbsp;<strong>preceptora Hilda Vedia<\/strong>, reconoci\u00f3 que hab\u00eda participado del asalto en la vivienda del barrio Covimet IV de Rodeo de la Cruz. Sin embargo, aclar\u00f3 que no hab\u00eda sido el autor del disparo que termin\u00f3 con la vida de la mujer.<\/p>\n\n\n\n<p>Durante en la instrucci\u00f3n, declar\u00f3 y aport\u00f3 los nombres de los otros integrantes de la banda. Hubo nuevos detenidos pero no se pudo comprobar su participaci\u00f3n.<\/p>\n\n\n\n<p>Durante el debate que se realiz\u00f3 este a\u00f1o,\u00a0<strong>los fiscales de Homicidios Fernando Guzzo y Claudia R\u00edos\u00a0<\/strong>sostuvieron que se trat\u00f3 de un homicidio criminis causa y que Rojos Baro era coautor del asesinato de Vedia.<\/p>\n\n\n\n<p>A pesar de sus argumentos, el jurado popular entendi\u00f3 que el joven no tuvo relaci\u00f3n directa en el crimen y que pero s\u00ed del asalto. Lo sentenciaron a tres a\u00f1os de prisi\u00f3n en suspenso y como llevaba dos en situaci\u00f3n de encierro, recuper\u00f3 la libertad.<\/p>\n\n\n\n<p><strong>Fuente: www.elsol.com.ar<\/strong><\/p>\n","protected":false},"excerpt":{"rendered":"<p>Agust\u00edn Tom\u00e1s Rojos Baro&nbsp;zaf\u00f3 este a\u00f1o de ser condenado a prisi\u00f3n perpetua por el asesinato de la preceptora&nbsp;Hilda Elvira Vedia&nbsp;en Guaymall\u00e9n. El martes 13 de julio del 2021, una banda juvenil ingres\u00f3 al domicilio de la mujer de 48 a\u00f1os e intent\u00f3 robar marihuana que, al parecer, hab\u00eda en el lugar. La v\u00edctima nada ten\u00eda [&hellip;]<\/p>\n","protected":false},"author":2,"featured_media":4024,"comment_status":"open","ping_status":"open","sticky":false,"template":"","format":"standard","meta":[],"categories":[48],"tags":[],"_links":{"self":[{"href":"https:\/\/pasaenmendoza.com\/index.php?rest_route=\/wp\/v2\/posts\/4023"}],"collection":[{"href":"https:\/\/pasaenmendoza.com\/index.php?rest_route=\/wp\/v2\/posts"}],"about":[{"href":"https:\/\/pasaenmendoza.com\/index.php?rest_route=\/wp\/v2\/types\/post"}],"author":[{"embeddable":true,"href":"https:\/\/pasaenmendoza.com\/index.php?rest_route=\/wp\/v2\/users\/2"}],"replies":[{"embeddable":true,"href":"https:\/\/pasaenmendoza.com\/index.php?rest_route=%2Fwp%2Fv2%2Fcomments&post=4023"}],"version-history":[{"count":1,"href":"https:\/\/pasaenmendoza.com\/index.php?rest_route=\/wp\/v2\/posts\/4023\/revisions"}],"predecessor-version":[{"id":4025,"href":"https:\/\/pasaenmendoza.com\/index.php?rest_route=\/wp\/v2\/posts\/4023\/revisions\/4025"}],"wp:featuredmedia":[{"embeddable":true,"href":"https:\/\/pasaenmendoza.com\/index.php?rest_route=\/wp\/v2\/media\/4024"}],"wp:attachment":[{"href":"https:\/\/pasaenmendoza.com\/index.php?rest_route=%2Fwp%2Fv2%2Fmedia&parent=4023"}],"wp:term":[{"taxonomy":"category","embeddable":true,"href":"https:\/\/pasaenmendoza.com\/index.php?rest_route=%2Fwp%2Fv2%2Fcategories&post=4023"},{"taxonomy":"post_tag","embeddable":true,"href":"https:\/\/pasaenmendoza.com\/index.php?rest_route=%2Fwp%2Fv2%2Ftags&post=4023"}],"curies":[{"name":"wp","href":"https:\/\/api.w.org\/{rel}","templated":true}]}}