{"id":4026,"date":"2023-12-22T13:26:04","date_gmt":"2023-12-22T12:26:04","guid":{"rendered":"https:\/\/pasaenmendoza.com\/?p=4026"},"modified":"2023-12-22T13:26:05","modified_gmt":"2023-12-22T12:26:05","slug":"asi-funcionaran-los-servicios-para-navidad-y-ano-nuevo","status":"publish","type":"post","link":"https:\/\/pasaenmendoza.com\/?p=4026","title":{"rendered":"As\u00ed funcionar\u00e1n los servicios para Navidad y A\u00f1o Nuevo"},"content":{"rendered":"\n<p id=\"block-eae022be-6613-4a6c-83d7-41dc96966ad6\">El normal funcionamiento de los servicios p\u00fablicos, el transporte y la actividad comercial se ver\u00e1n afectados para Navidad y A\u00f1o Nuevo.<\/p>\n\n\n\n<p id=\"block-1e448c2d-1fda-4d56-83ea-12a1843efff2\">Por su parte, el Ministerio de Seguridad intensificar\u00e1 los controles en los espejos de aguas m\u00e1s visitados por los mendocinos como Potrerillos y el Carrizal, boliches y fiestas privadas, al igual que en rutas y accesos provinciales.<\/p>\n\n\n\n<h2 class=\"wp-block-heading\" id=\"block-a83c1856-6989-46fe-ac7a-19414d6f9509\">Transporte p\u00fablico<\/h2>\n\n\n\n<p id=\"block-470ad38a-a581-4c91-90ce-030bed3915c2\">Las l\u00edneas de los servicios urbano y de media y larga distancia, incluyendo el Metrotranv\u00eda, funcionar\u00e1n de la siguiente manera: 24 y 31, las frecuencias<strong>&nbsp;se prestar\u00e1n hasta las 21.30<\/strong>, dependiendo de cada uno de los recorridos.<\/p>\n\n\n\n<p id=\"block-28586090-f735-4e06-a32b-302f45a82c90\">En tanto, el 25 de diciembre y el 1 de enero, el servicio funcionar\u00e1 como un domingo.<\/p>\n\n\n\n<p id=\"block-b33e690e-5137-4782-aae5-8da845b6822f\">\u201cEs importante recordarle a los usuarios el uso de la aplicaci\u00f3n Mendotran Cu\u00e1ndo Subo que nos permite organizar los viajes\u201d, coment\u00f3 Luis Borrego, de la Direcci\u00f3n de Transporte durante la conferencia de presa que se realiz\u00f3 este viernes para anunciar el operativo del Gobierno para las Fiestas.<\/p>\n\n\n\n<h2 class=\"wp-block-heading\" id=\"block-5fda86ee-6a38-45f4-a135-05c5d8528066\">Comercios<\/h2>\n\n\n\n<p id=\"block-af902f61-1d76-4645-87e5-38f7a6ee2120\">Los comercios, supermercados e hipermercados y mayoristas abrir\u00e1n en horario normal, pero el domingo 24, el cierre se producir\u00e1 a las 14 para quienes quieran ultimar sus compras antes de Nochebuena.<\/p>\n\n\n\n<p id=\"block-738d18fb-97a2-4275-b5bc-fae0fa439a31\">En tanto, el 31, el corte ser\u00e1 a las 13, seg\u00fan acordaron las empresas con el Centro de Empleados de Comercios.<\/p>\n\n\n\n<p id=\"block-e3cf5138-21f7-41f6-b98e-aed07d99caca\">A su vez, se acord\u00f3 que 25 y 1 permanecer\u00e1 cerrado.\u00a0<\/p>\n\n\n\n<h2 class=\"wp-block-heading\" id=\"block-1296ca0f-2bfe-4443-a78e-8e95f4076478\">Salud<\/h2>\n\n\n\n<p id=\"block-efaa87a8-33ae-4a9b-8cbc-5ec22cb640d3\">En cuanto a los servicios de salud, la atenci\u00f3n en los hospitales de la provincia se reducir\u00e1 a guardias m\u00ednimas.<\/p>\n\n\n\n<p id=\"block-d518fb4b-f195-4961-8085-ff804735680a\">\u201c<em>En los \u00faltimos a\u00f1os, tenemos cada vez menos impacto por el uso de pirotecnia<\/em>\u201c, dijo Carina Copparoni, subsecretaria de salud, durante la presentaci\u00f3n del operativo que se llev\u00f3 adelante en Casa de Gobierno.<\/p>\n\n\n\n<h2 class=\"wp-block-heading\" id=\"block-85d72a7e-1e9f-47dd-821f-2a8d4f1dd878\">Estaciones de servicio<\/h2>\n\n\n\n<p id=\"block-df3da0b5-bf91-472e-b841-099715dda5c0\">Las estaciones de servicio no tendr\u00e1n atenci\u00f3n al p\u00fablico entre las 22 y las 6 del 24 y 25 de diciembre y del 31 de diciembre al 1 de enero.<\/p>\n\n\n\n<p id=\"block-8cc614ae-cbf8-4d20-8e97-2370b80f5fd9\">Solo se atender\u00e1n urgencias, es decir, a polic\u00edas, ambulancias y bomberos.<\/p>\n\n\n\n<h2 class=\"wp-block-heading\" id=\"block-8adba9cd-cd0e-4aa3-89b9-061892abd23d\">Seguridad<\/h2>\n\n\n\n<p id=\"block-d431212b-f0d9-4f64-8f15-9c8345bb1eee\">El Ministerio de Energ\u00eda y Ambiente adelant\u00f3 que para las Fiestas se efectuar\u00e1 un operativo conjunto con otros organismos provinciales, principalmente en los espejos de agua m\u00e1s frecuentados por mendocinos y turistas como Potrerillos y el Carrizal.<\/p>\n\n\n\n<p id=\"block-810959c8-b75a-4657-9c31-a33d1d99150a\">Se intensificar\u00e1n los controles de documentaci\u00f3n de las embarcaciones, de sus conductores y los elementos de seguridad correspondientes, adem\u00e1s de test de alcoholemia. Adem\u00e1s, se inspeccionar\u00e1n las instituciones con concesiones en los perilagos: sus libros de muelle, sectores boyados, capacidad, guardavidas, etc.<\/p>\n\n\n\n<p id=\"block-777ad09a-5a0d-4c5e-ae04-184931a83a18\">Marcelo Calipso, jefe de la Polic\u00eda, detall\u00f3 que estar\u00e1n trabajando 3.000 polic\u00edas para realizar los controles.<\/p>\n\n\n\n<p id=\"block-2e14a5a9-2ab2-41dc-a515-ef5cda39438e\">\u201c<em>Empezando la madrugada del 25, a partir de las 2 de la ma\u00f1ana, hasta que culminen los eventos de diversi\u00f3n nocturna autorizados<\/em>\u201c, dijo Calipso y se\u00f1al\u00f3 que el personal tambi\u00e9n estar\u00e1 trabajando en los espejos de agua.<\/p>\n\n\n\n<h2 class=\"wp-block-heading\" id=\"block-d84473fc-7355-4103-a571-100620d36247\">Recolecci\u00f3n de residuos<\/h2>\n\n\n\n<p id=\"block-6b2ac1f1-fd5d-4ab9-b77a-c072fe03b2ac\">La recolecci\u00f3n de residuos tambi\u00e9n se ver\u00e1 afectada, seg\u00fan informaron desde algunos departamentos.<\/p>\n\n\n\n<p id=\"block-72157f64-4505-43d5-b8fc-f821ffe043d4\">La\u00a0<strong>Ciudad de Mendoza<\/strong>\u00a0comunic\u00f3 que se liberar\u00e1 el estacionamiento medido los d\u00edas s\u00e1bados 23 y 30, mientras que el servicio no funcionar\u00e1 durante los feriados del 25 de diciembre y 1 de enero.\u00a0<\/p>\n\n\n\n<p id=\"block-5fd8d3db-4177-426f-8989-0647d48e5e18\">En cuanto a la recolecci\u00f3n de residuos:<\/p>\n\n\n\n<p id=\"block-33e70a44-5972-4fbb-ba4e-115edd668b06\">-Viernes 22 y 29: recolecci\u00f3n normal<\/p>\n\n\n\n<p id=\"block-7c418201-05e8-4d02-9711-98aa17cc395e\">-S\u00e1bados 23 y 30: no habr\u00e1 recolecci\u00f3n<br>-Domingos 24 y 31: no habr\u00e1 recolecci\u00f3n<br>-Lunes 25 y 1\/01: recolecci\u00f3n nocturna<\/p>\n\n\n\n<p id=\"block-93fb8555-67cf-42df-a87a-d65cc46fe866\"><strong>Godoy Cruz\u00a0<\/strong>inform\u00f3 que el retiro de desechos se realizar\u00e1 los viernes 22 y 29, y los lunes 25, y 1 de enero.\u00a0<\/p>\n\n\n\n<p id=\"block-b8b9b3ac-a975-4139-a6cf-5453fa67881a\">Los d\u00edas 24 y 31, en tanto, no habr\u00e1 recolecci\u00f3n domiciliaria y la limpieza se realizar\u00e1 hasta las 20.&nbsp;Por otra parte, se establecer\u00e1n guardias para prestar servicios esenciales.<\/p>\n\n\n\n<p id=\"block-c0d08c3e-564d-4964-b220-9954f6157768\">Por su parte,\u00a0<strong>Maip\u00fa<\/strong>\u00a0comunic\u00f3 que habr\u00e1 servicios de recolecci\u00f3n el 23 y el 20, pero no as\u00ed el 24, 25 y 31 de diciembre y el 1 de enero.<\/p>\n\n\n\n<p><strong>Fuente: www.elsol.com.ar<\/strong><\/p>\n","protected":false},"excerpt":{"rendered":"<p>El normal funcionamiento de los servicios p\u00fablicos, el transporte y la actividad comercial se ver\u00e1n afectados para Navidad y A\u00f1o Nuevo. Por su parte, el Ministerio de Seguridad intensificar\u00e1 los controles en los espejos de aguas m\u00e1s visitados por los mendocinos como Potrerillos y el Carrizal, boliches y fiestas privadas, al igual que en rutas [&hellip;]<\/p>\n","protected":false},"author":2,"featured_media":4027,"comment_status":"open","ping_status":"open","sticky":false,"template":"","format":"standard","meta":[],"categories":[50],"tags":[],"_links":{"self":[{"href":"https:\/\/pasaenmendoza.com\/index.php?rest_route=\/wp\/v2\/posts\/4026"}],"collection":[{"href":"https:\/\/pasaenmendoza.com\/index.php?rest_route=\/wp\/v2\/posts"}],"about":[{"href":"https:\/\/pasaenmendoza.com\/index.php?rest_route=\/wp\/v2\/types\/post"}],"author":[{"embeddable":true,"href":"https:\/\/pasaenmendoza.com\/index.php?rest_route=\/wp\/v2\/users\/2"}],"replies":[{"embeddable":true,"href":"https:\/\/pasaenmendoza.com\/index.php?rest_route=%2Fwp%2Fv2%2Fcomments&post=4026"}],"version-history":[{"count":1,"href":"https:\/\/pasaenmendoza.com\/index.php?rest_route=\/wp\/v2\/posts\/4026\/revisions"}],"predecessor-version":[{"id":4028,"href":"https:\/\/pasaenmendoza.com\/index.php?rest_route=\/wp\/v2\/posts\/4026\/revisions\/4028"}],"wp:featuredmedia":[{"embeddable":true,"href":"https:\/\/pasaenmendoza.com\/index.php?rest_route=\/wp\/v2\/media\/4027"}],"wp:attachment":[{"href":"https:\/\/pasaenmendoza.com\/index.php?rest_route=%2Fwp%2Fv2%2Fmedia&parent=4026"}],"wp:term":[{"taxonomy":"category","embeddable":true,"href":"https:\/\/pasaenmendoza.com\/index.php?rest_route=%2Fwp%2Fv2%2Fcategories&post=4026"},{"taxonomy":"post_tag","embeddable":true,"href":"https:\/\/pasaenmendoza.com\/index.php?rest_route=%2Fwp%2Fv2%2Ftags&post=4026"}],"curies":[{"name":"wp","href":"https:\/\/api.w.org\/{rel}","templated":true}]}}