{"id":4032,"date":"2023-12-22T13:34:51","date_gmt":"2023-12-22T12:34:51","guid":{"rendered":"https:\/\/pasaenmendoza.com\/?p=4032"},"modified":"2023-12-22T13:34:53","modified_gmt":"2023-12-22T12:34:53","slug":"los-farmaceuticos-de-mendoza-en-contra-del-dnu-de-milei","status":"publish","type":"post","link":"https:\/\/pasaenmendoza.com\/?p=4032","title":{"rendered":"Los farmac\u00e9uticos de Mendoza en contra del DNU de Milei"},"content":{"rendered":"\n<p><strong>Ricardo Aizcorbe<\/strong>, vicepresidente en el Colegio Farmac\u00e9utico de Mendoza\u00a0<strong>y ex legislador provincial por el PJ entre 1994 y 1998,\u00a0<\/strong>expres\u00f3 su preocupaci\u00f3n por los efectos que puede tener para el sector la disposici\u00f3n del Gobierno nacional de que se puedan\u00a0<strong>vender medicamentos de venta libre en kioscos.\u00a0<\/strong><\/p>\n\n\n\n<p>Entrevistado por<strong>&nbsp;Jorge Fern\u00e1ndez Rojas<\/strong>&nbsp;en&nbsp;<em>&#8220;Jornada De 6 a 7&#8221;<\/em>&nbsp;que se emite por&nbsp;<strong>Radio Jornada<\/strong>, Aizcorbe dijo que &#8220;no entendemos la necesidad y la urgencia (en relaci\u00f3n al DNU) porque&nbsp;<strong>el sector ven\u00eda funcionando en forma normal&#8221;.&nbsp;<\/strong><\/p>\n\n\n\n<p>&#8220;Para nosotros este decreto es\u00a0<strong>totalmente negativo<\/strong>\u00a0porque vuelve a la d\u00e9cada del 90. Elimina el medicamento de venta libre, lo pone fuera de la farmacia a la mano de cualquier persona&#8221;, reclam\u00f3 el dirigente.\u00a0<\/p>\n\n\n\n<p>Asegur\u00f3 que &#8220;de la mano de la salida de medicamentos de venta libre\u00a0<strong>van a salir medicamentos con receta archivada<\/strong>\u00a0y realmente es bastante mala la lectura que ha hecho el Gobierno&#8221;.\u00a0<\/p>\n\n\n\n<p>&#8220;Por ejemplo, la gente compra\u00a0<em>Migral<\/em>, que la droga es cafe\u00edna y sobre todo\u00a0<strong>ergotamina, est\u00e1 prohibida su venta libre<\/strong>\u00a0porque, en situaciones espec\u00edficas produce gangrena en miembros inferiores y superiores y los farmac\u00e9uticos nos hacemos responsables cuidando la salud de la poblaci\u00f3n dici\u00e9ndole al paciente que tiene que venir con una receta del m\u00e9dico. En cambio<strong>\u00a0en el kiosco se lo venden libremente<\/strong>, entonces hay un problema sanitario muy grave para la poblaci\u00f3n.\u00a0<strong>El medicamento es un veneno a dosis terap\u00e9uticas,\u00a0<\/strong>usted toma un veneno a dosis terap\u00e9uticas&#8221;.<\/p>\n\n\n\n<p>&#8220;El medicamento tiene que estar en manos de los profesionales a los cuales el Estado form\u00f3 para el uso del medicamento. Una pol\u00edtica de medicamento tiene que tener tres patas: la calidad que la garantiza desde el origen, la conservaci\u00f3n y la dispensa del farmac\u00e9utico, una accesibilidad al medicamento, por eso hay una red de farmacias que se ha construido en todos estos a\u00f1os y que va a ser da\u00f1ada por este decreto, y un uso racional del medicamento&#8221;, se\u00f1al\u00f3.&nbsp;<\/p>\n\n\n\n<p>Adem\u00e1s, alert\u00f3 que esta medida va a afectar la financiaci\u00f3n del sistema de la Seguridad Social &#8220;porque&nbsp;<strong>nosotros para poder financiar a la Seguridad Social necesitamos tener parte del dinero que recibimos de esos medicamentos&nbsp;<\/strong>de venta libre&#8221;.&nbsp;<\/p>\n\n\n\n<p>&#8220;Lo otro es que permite que\u00a0<strong>las droguer\u00edas puedan dispensar recetas<\/strong>, o sea, el lugar al que yo voy a adquirir los medicamentos para la farmacia\u00a0<strong>va a ser mi propia competencia<\/strong>, esto no tiene ning\u00fan sentido&#8221;, reclam\u00f3.<\/p>\n\n\n\n<p>Finalmente, Aizcorbe se\u00f1al\u00f3 que est\u00e1n trabajando con los asesores legales y con toda la dirigencia farmac\u00e9utica y &#8220;hoy vamos a definir acciones&#8221;. En este sentido,<strong>\u00a0estar\u00edan contemplando un recurso de inconstitucionalidad basado en que &#8220;no vemos la necesidad y urgencia porque el sector est\u00e1 funcionando con normalidad&#8221;.<\/strong><\/p>\n\n\n\n<p><strong>Fuente: www.mendozapost.com<\/strong><\/p>\n","protected":false},"excerpt":{"rendered":"<p>Ricardo Aizcorbe, vicepresidente en el Colegio Farmac\u00e9utico de Mendoza\u00a0y ex legislador provincial por el PJ entre 1994 y 1998,\u00a0expres\u00f3 su preocupaci\u00f3n por los efectos que puede tener para el sector la disposici\u00f3n del Gobierno nacional de que se puedan\u00a0vender medicamentos de venta libre en kioscos.\u00a0 Entrevistado por&nbsp;Jorge Fern\u00e1ndez Rojas&nbsp;en&nbsp;&#8220;Jornada De 6 a 7&#8221;&nbsp;que se emite [&hellip;]<\/p>\n","protected":false},"author":2,"featured_media":4033,"comment_status":"open","ping_status":"open","sticky":false,"template":"","format":"standard","meta":[],"categories":[50],"tags":[],"_links":{"self":[{"href":"https:\/\/pasaenmendoza.com\/index.php?rest_route=\/wp\/v2\/posts\/4032"}],"collection":[{"href":"https:\/\/pasaenmendoza.com\/index.php?rest_route=\/wp\/v2\/posts"}],"about":[{"href":"https:\/\/pasaenmendoza.com\/index.php?rest_route=\/wp\/v2\/types\/post"}],"author":[{"embeddable":true,"href":"https:\/\/pasaenmendoza.com\/index.php?rest_route=\/wp\/v2\/users\/2"}],"replies":[{"embeddable":true,"href":"https:\/\/pasaenmendoza.com\/index.php?rest_route=%2Fwp%2Fv2%2Fcomments&post=4032"}],"version-history":[{"count":1,"href":"https:\/\/pasaenmendoza.com\/index.php?rest_route=\/wp\/v2\/posts\/4032\/revisions"}],"predecessor-version":[{"id":4034,"href":"https:\/\/pasaenmendoza.com\/index.php?rest_route=\/wp\/v2\/posts\/4032\/revisions\/4034"}],"wp:featuredmedia":[{"embeddable":true,"href":"https:\/\/pasaenmendoza.com\/index.php?rest_route=\/wp\/v2\/media\/4033"}],"wp:attachment":[{"href":"https:\/\/pasaenmendoza.com\/index.php?rest_route=%2Fwp%2Fv2%2Fmedia&parent=4032"}],"wp:term":[{"taxonomy":"category","embeddable":true,"href":"https:\/\/pasaenmendoza.com\/index.php?rest_route=%2Fwp%2Fv2%2Fcategories&post=4032"},{"taxonomy":"post_tag","embeddable":true,"href":"https:\/\/pasaenmendoza.com\/index.php?rest_route=%2Fwp%2Fv2%2Ftags&post=4032"}],"curies":[{"name":"wp","href":"https:\/\/api.w.org\/{rel}","templated":true}]}}