{"id":4035,"date":"2023-12-22T13:38:15","date_gmt":"2023-12-22T12:38:15","guid":{"rendered":"https:\/\/pasaenmendoza.com\/?p=4035"},"modified":"2023-12-22T13:38:16","modified_gmt":"2023-12-22T12:38:16","slug":"el-precio-de-la-carne-en-mendoza-bajara-hasta-un-20","status":"publish","type":"post","link":"https:\/\/pasaenmendoza.com\/?p=4035","title":{"rendered":"El precio de la carne en Mendoza bajar\u00e1 hasta un 20%"},"content":{"rendered":"\n<p>El cambio de gobierno y la alt\u00edsima inflaci\u00f3n interanual, sumado a la incertidumbre econ\u00f3mica, provocaron un fuerte aumento de los precios de la mayor\u00eda de los productos en el pa\u00eds, luego del cambio de gobierno. Sin embargo,<strong>&nbsp;la carne empieza a retrotraer sus valores.&nbsp;<\/strong><\/p>\n\n\n\n<p>En la \u00e9poca de fin de a\u00f1o, mucha gente consume carne para las fiestas, a lo que se suman las despedidas laborales y de amigos, en donde los asados son tradicionales. A pesar de estas de festejos,\u00a0<strong>los fuertes aumentos provocaron que m\u00e1s de uno pensara dos veces antes de comprar carne.\u00a0<\/strong><\/p>\n\n\n\n<p>El anuncio del gobierno nacional de este mi\u00e9rcoles, desregulando una gran cantidad de actividades econ\u00f3micas,&nbsp;<strong>hac\u00eda prever un aumento de los precios de diversos insumos y productos<\/strong>. La carne, durante la primera quincena de diciembre,&nbsp;<strong>tuvo una fuerte suba entre el 40% y 50%.&nbsp;<\/strong><\/p>\n\n\n\n<p>Esta situaci\u00f3n est\u00e1 empezando a retroceder.<strong>\u00a0En Mendoza, como en diferentes puntos del pa\u00eds, el precio al p\u00fablico de la carne est\u00e1 cayendo<\/strong>, pero no por consecuencia de las medidas econ\u00f3micas del presidente Javier Milei,\u00a0<strong>si no, por una ca\u00edda de la demanda.\u00a0<\/strong><\/p>\n\n\n\n<p><strong>&#8220;La carne en Mendoza est\u00e1 bajando&#8221;<\/strong>, asegur\u00f3 al\u00a0<strong>Post<\/strong>\u00a0<strong>Jos\u00e9 Rizzo, presidente de la C\u00e1mara de Abastecedores de Carne de Mendoza<\/strong>. Esto es\u00a0una buena noticia para quienes todav\u00eda no hicieron las compras para las fiestas, aunque los nuevos precios<strong>\u00a0reci\u00e9n se ver\u00edan reflejados la semana pr\u00f3xima.<\/strong><\/p>\n\n\n\n<p>El empresario de la carne asegur\u00f3 que esta disminuci\u00f3n del precio se da porque &#8220;<strong>la gente no convalid\u00f3 el precio. El aumento de m\u00e1s del 40% la gente no lo pag\u00f3, por eso se retrotraen los valores&#8221;<\/strong>, asegur\u00f3.<\/p>\n\n\n\n<p><strong>&#8220;Esta semana bajaron los precios de los cortes de blanda entre un 10% y un 15%. Para la semana que viene, los cortes de blanda bajar\u00e1n un 5% m\u00e1s y los cortes de asado entre un 10% y 15%&#8221;,<\/strong>\u00a0explic\u00f3 Rizzo.<\/p>\n\n\n\n<p>Sin embargo, esta merma en el valor de la carne puede ser temporal, dado que se reactivar\u00e1n las exportaciones. &#8220;Con el nuevo d\u00f3lar, mucho m\u00e1s conveniente que tienen los exportadores, seguramente en las pr\u00f3ximas semanas se reactiven las exportaciones,<strong>\u00a0lo que generar\u00e1 mayor demanda de carne y eso va a hacer que los precios se reestablezcan<\/strong>&#8220;, concluy\u00f3 Jos\u00e9 Rizzo, presidente de la C\u00e1mara de Abastecedores de Carne de Mendoza.\u00a0<\/p>\n\n\n\n<p><strong>Fuente: www.mendozapost.com<\/strong><\/p>\n","protected":false},"excerpt":{"rendered":"<p>El cambio de gobierno y la alt\u00edsima inflaci\u00f3n interanual, sumado a la incertidumbre econ\u00f3mica, provocaron un fuerte aumento de los precios de la mayor\u00eda de los productos en el pa\u00eds, luego del cambio de gobierno. Sin embargo,&nbsp;la carne empieza a retrotraer sus valores.&nbsp; En la \u00e9poca de fin de a\u00f1o, mucha gente consume carne para [&hellip;]<\/p>\n","protected":false},"author":2,"featured_media":4036,"comment_status":"open","ping_status":"open","sticky":false,"template":"","format":"standard","meta":[],"categories":[75],"tags":[],"_links":{"self":[{"href":"https:\/\/pasaenmendoza.com\/index.php?rest_route=\/wp\/v2\/posts\/4035"}],"collection":[{"href":"https:\/\/pasaenmendoza.com\/index.php?rest_route=\/wp\/v2\/posts"}],"about":[{"href":"https:\/\/pasaenmendoza.com\/index.php?rest_route=\/wp\/v2\/types\/post"}],"author":[{"embeddable":true,"href":"https:\/\/pasaenmendoza.com\/index.php?rest_route=\/wp\/v2\/users\/2"}],"replies":[{"embeddable":true,"href":"https:\/\/pasaenmendoza.com\/index.php?rest_route=%2Fwp%2Fv2%2Fcomments&post=4035"}],"version-history":[{"count":1,"href":"https:\/\/pasaenmendoza.com\/index.php?rest_route=\/wp\/v2\/posts\/4035\/revisions"}],"predecessor-version":[{"id":4037,"href":"https:\/\/pasaenmendoza.com\/index.php?rest_route=\/wp\/v2\/posts\/4035\/revisions\/4037"}],"wp:featuredmedia":[{"embeddable":true,"href":"https:\/\/pasaenmendoza.com\/index.php?rest_route=\/wp\/v2\/media\/4036"}],"wp:attachment":[{"href":"https:\/\/pasaenmendoza.com\/index.php?rest_route=%2Fwp%2Fv2%2Fmedia&parent=4035"}],"wp:term":[{"taxonomy":"category","embeddable":true,"href":"https:\/\/pasaenmendoza.com\/index.php?rest_route=%2Fwp%2Fv2%2Fcategories&post=4035"},{"taxonomy":"post_tag","embeddable":true,"href":"https:\/\/pasaenmendoza.com\/index.php?rest_route=%2Fwp%2Fv2%2Ftags&post=4035"}],"curies":[{"name":"wp","href":"https:\/\/api.w.org\/{rel}","templated":true}]}}