{"id":4041,"date":"2023-12-26T12:49:27","date_gmt":"2023-12-26T11:49:27","guid":{"rendered":"https:\/\/pasaenmendoza.com\/?p=4041"},"modified":"2023-12-26T12:49:29","modified_gmt":"2023-12-26T11:49:29","slug":"la-libertad-avanza-quiere-sumar-a-alfredo-cornejo-a-la-definicion-de-los-cargos-nacionales-en-mendoza","status":"publish","type":"post","link":"https:\/\/pasaenmendoza.com\/?p=4041","title":{"rendered":"La Libertad Avanza quiere sumar a Alfredo Cornejo a la definici\u00f3n de los cargos nacionales en Mendoza"},"content":{"rendered":"\n<p>El gobernador ser\u00e1 convocado para integrar la mesa de negociaciones, junto a referentes locales y diputados nacionales del partido de Javier Milei. Qu\u00e9 dicen en Casa de Gobierno.<\/p>\n\n\n\n<p>Por una directiva enviada desde Casa Rosada, los dirigentes provinciales de&nbsp;<strong>La Libertad Avanza<\/strong>&nbsp;convocar\u00e1n al gobernador&nbsp;<strong>Alfredo Cornejo&nbsp;<\/strong>a una mesa de negociaci\u00f3n para terminar de definir los cargos nacionales en Mendoza. Si bien no hay fechas confirmadas, se estima que durante las primeras semanas de enero se realizar\u00edan los encuentros iniciales.<\/p>\n\n\n\n<p>Por el lado del mandatario radical aseguraron que, hasta el momento, ning\u00fan dirigente de LLA mendocina se ha comunicado con \u00e9l y que por ahora&nbsp;<strong>Cornejo<\/strong>&nbsp;est\u00e1 abocado a terminar de definir los equipos de trabajo de sus ministerios. Desde que asumi\u00f3 nuevamente al sill\u00f3n de San Mart\u00edn, solo tres carteras de las siete han presentado por completo a sus funcionarios.<\/p>\n\n\n\n<p>Si se compone esta futura mesa de negociaci\u00f3n, adem\u00e1s del gobernador, estar\u00e1n sentados los presidentes del\u00a0<strong>Partido Dem\u00f3crata<\/strong>\u00a0y<strong>\u00a0Libertario<\/strong>,\u00a0<mark><strong>Armando Magistretti<\/strong>\u00a0y\u00a0<strong>Jos\u00e9 Caviglia<\/strong>, respectivamente.\u00a0M\u00e1s la presencia de los diputados nacionales de La Libertad Avanza,\u00a0<strong>Mercedes Llano<\/strong>\u00a0y\u00a0<strong>Facundo Correa Llano<\/strong>, ambos del PD<\/mark>. La \u00fanica que est\u00e1 en duda si es parte o no de la mesa negociadora es la libertaria Lourdes Arrieta.<\/p>\n\n\n\n<p>El motivo de la convocatoria del referente de&nbsp;<strong>Cambia Mendoza&nbsp;<\/strong>se debe a dos cuestiones. Primero, desde&nbsp;<mark>la Casa Rosada se ha bajado como directiva que los referentes libertarios de cada provincia abran una mesa de acuerdos con los mandatarios provinciales<\/mark>&nbsp;para definir a los cargos nacionales en cada jurisdicci\u00f3n.<\/p>\n\n\n\n<p>Esta directiva se debe a un \u201cgesto pol\u00edtico\u201d por parte del Gobierno de Milei hacia todos los gobernadores del pa\u00eds, sin distinci\u00f3n de colores pol\u00edticos, para asegurarse un posible apoyo de los legisladores provinciales a los proyectos que presentar\u00e1n el libertario en el Congreso de la Naci\u00f3n.<\/p>\n\n\n\n<p>Mientas que el segundo motivo es la relaci\u00f3n que viene \u201cconstruyendo\u201d Cornejo con el ministro del Interior,\u00a0<strong>Guillermo Francos<\/strong>. Desde el entorno radical aseguraron que ambos dirigentes \u201c<em>desde hace tiempo se vienen hablando<\/em>\u201d y que ha mantenido alguna que otra reuni\u00f3n personal.<\/p>\n\n\n\n<p>A su vez, el exsenador nacional ha manifestado p\u00fablicamente en reiteradas ocasiones que al mandato de Milei \u201c<em>hay que garantizarle gobernabilidad<\/em>\u201d para que haga las reformas que \u201c<em>el pa\u00eds necesita<\/em>\u201d porque Cornejo considera que \u201c<em>si<\/em>&nbsp;<em>a la Argentina le va bien, a Mendoza le va a ir mejor<\/em>\u201c.<\/p>\n\n\n\n<p>Entre los puntos que m\u00e1s conversan el mandatario provincial y Francos es\u00a0<mark>en materia de obra p\u00fablica<\/mark>\u00a0y sobre la posibilidad de que Milei avance con el proyecto de la\u00a0<mark>coparticipaci\u00f3n del impuesto al cheque<\/mark>.<\/p>\n\n\n\n<p>No obstante esa iniciativa, que fue presentada por el gobernador de Mendoza junto al resto de los mandatarios provinciales, perdi\u00f3 fuerza: el s\u00e1bado pasado, en el programa de\u00a0<strong>Mirtha Legrand<\/strong>, el libertario asegur\u00f3 que no avanzar\u00e1 con el proyecto y dej\u00f3 una dura advertencia a los gobernadores.<\/p>\n\n\n\n<p><em>\u201cYo no voy a coparticipar el impuesto al cheque. Si lo quieren reinstaurar, vamos a bajarle m\u00e1s las transferencias. Tiene que ver con arreglar el desastre fiscal que caus\u00f3 sobre las provincias la eliminaci\u00f3n de Ganancias. Como parte del programa de estabilizaci\u00f3n reconocemos ese problema y para ayudar a las provincias estamos dispuestos a restaurarlo\u201d,&nbsp;<\/em>expres\u00f3 Milei.<\/p>\n\n\n\n<p>Adem\u00e1s, la conformaci\u00f3n de la mesa negociadora se dar\u00e1 en medio del tratamiento del DNU en el Congreso de la Naci\u00f3n y la bancada de legisladores radicales que responden a Cornejo tendr\u00e1 un rol trascendental.<\/p>\n\n\n\n<p>Por \u00faltimo, referentes de LLA mendocina deslizaron a\u00a0<em>El Sol<\/em>\u00a0que todav\u00eda no hay fecha confirmada para el comienzo de la mesa de negociaci\u00f3n pero s\u00ed remarcaron que ser\u00e1 durante las primeras semanas de enero. Desde el Ejecutivo nacional pusieron como tiempo l\u00edmite el primer mes de 2024 para terminar designar a los futuros funcionarios de los cargos nacionales en Mendoza.<\/p>\n\n\n\n<p>Un dato a tener en cuenta es si los Dem\u00f3cratas y Libertarios le dar\u00e1n lugar a allegados de&nbsp;<strong>La Uni\u00f3n Mendocina<\/strong>&nbsp;luego de que se confirmara la designaci\u00f3n de&nbsp;<strong>Omar De Marchi<\/strong>&nbsp;como nuevo Secretario de Relaciones Parlamentarias de Jefatura de Gabinete de Naci\u00f3n.<\/p>\n\n\n\n<p>Cabe recordar que ambos partidos fueron miembros fundadores de LAUM, pero en el \u00faltimo tiempo el Partido Libertario decidi\u00f3 salirse del frente, mientras que \u201clos gansos\u201d se han distanciado de la figura del lujanino.<\/p>\n\n\n\n<h2 class=\"wp-block-heading\" id=\"h-cuales-son-los-cargos-nacionales-en-mendoza\">Cu\u00e1les son los cargos nacionales en Mendoza<\/h2>\n\n\n\n<p>Desde la llegada de Milei a la Casa Rosada, en Mendoza se ha generado una expectativa sobre qui\u00e9nes ser\u00e1n los responsables de cada cargo nacional en la provincia. Entre los lugares m\u00e1s relevantes se encuentran el&nbsp;<mark>Instituto Nacional de Vitivinicultura, PAMI, ANSES, AFIP, Radio Nacional y Libertador, Migraciones, Vialidad Nacional, Desarrollo Social, Agencia territorial del Ministerio de Trabajo<\/mark>, entre otros.<\/p>\n\n\n\n<p>Durante el \u00faltimo tiempo han sondeado a un sinf\u00edn de candidatos para ocupar los diferentes organismos nacionales en la provincia. Con el correr de los d\u00edas, algunos de los posibles funcionarios se han ido bajando o terminaban siendo operaciones de los entornos con el fin de colocar alg\u00fan miembro de su sector.<\/p>\n\n\n\n<p>Hasta el momento, la \u00fanica figura que se ha mantenido es\u00a0<strong>Carlos Tizio<\/strong>\u00a0para hacerse cargo del INV, aunque su designaci\u00f3n todav\u00eda no es oficial.<\/p>\n\n\n\n<p>Otros de los nombres que se mantiene en vigencia es el de&nbsp;<strong>Marcos S\u00e1nchez<\/strong>&nbsp;para ANSES. Hace unas semanas, el dirigente dem\u00f3crata se present\u00f3 en las oficinas del ente nacional como el futuro Jefe Regional de Cuyo por pedido expreso de la diputada nacional,&nbsp;<strong>Mercedes Llanos<\/strong>.<\/p>\n\n\n\n<p>Por el resto de los organismos no hay nada confirmado y desde LLA de Mendoza aseguraron que \u201c<em>todos los nombres que andan circulando son puras operaciones<\/em>\u201d. No obstante, no descartan que Cornejo pida por alg\u00fan cargo nacional, aunque consideran que \u201c<em>no lo ven posible<\/em>\u201d.<\/p>\n\n\n\n<p>FUENTE: elsol.com.ar <\/p>\n","protected":false},"excerpt":{"rendered":"<p>El gobernador ser\u00e1 convocado para integrar la mesa de negociaciones, junto a referentes locales y diputados nacionales del partido de Javier Milei. Qu\u00e9 dicen en Casa de Gobierno. Por una directiva enviada desde Casa Rosada, los dirigentes provinciales de&nbsp;La Libertad Avanza&nbsp;convocar\u00e1n al gobernador&nbsp;Alfredo Cornejo&nbsp;a una mesa de negociaci\u00f3n para terminar de definir los cargos nacionales [&hellip;]<\/p>\n","protected":false},"author":2,"featured_media":4042,"comment_status":"open","ping_status":"open","sticky":true,"template":"","format":"standard","meta":[],"categories":[47],"tags":[],"_links":{"self":[{"href":"https:\/\/pasaenmendoza.com\/index.php?rest_route=\/wp\/v2\/posts\/4041"}],"collection":[{"href":"https:\/\/pasaenmendoza.com\/index.php?rest_route=\/wp\/v2\/posts"}],"about":[{"href":"https:\/\/pasaenmendoza.com\/index.php?rest_route=\/wp\/v2\/types\/post"}],"author":[{"embeddable":true,"href":"https:\/\/pasaenmendoza.com\/index.php?rest_route=\/wp\/v2\/users\/2"}],"replies":[{"embeddable":true,"href":"https:\/\/pasaenmendoza.com\/index.php?rest_route=%2Fwp%2Fv2%2Fcomments&post=4041"}],"version-history":[{"count":1,"href":"https:\/\/pasaenmendoza.com\/index.php?rest_route=\/wp\/v2\/posts\/4041\/revisions"}],"predecessor-version":[{"id":4043,"href":"https:\/\/pasaenmendoza.com\/index.php?rest_route=\/wp\/v2\/posts\/4041\/revisions\/4043"}],"wp:featuredmedia":[{"embeddable":true,"href":"https:\/\/pasaenmendoza.com\/index.php?rest_route=\/wp\/v2\/media\/4042"}],"wp:attachment":[{"href":"https:\/\/pasaenmendoza.com\/index.php?rest_route=%2Fwp%2Fv2%2Fmedia&parent=4041"}],"wp:term":[{"taxonomy":"category","embeddable":true,"href":"https:\/\/pasaenmendoza.com\/index.php?rest_route=%2Fwp%2Fv2%2Fcategories&post=4041"},{"taxonomy":"post_tag","embeddable":true,"href":"https:\/\/pasaenmendoza.com\/index.php?rest_route=%2Fwp%2Fv2%2Ftags&post=4041"}],"curies":[{"name":"wp","href":"https:\/\/api.w.org\/{rel}","templated":true}]}}