{"id":4047,"date":"2023-12-26T12:58:54","date_gmt":"2023-12-26T11:58:54","guid":{"rendered":"https:\/\/pasaenmendoza.com\/?p=4047"},"modified":"2023-12-26T12:58:55","modified_gmt":"2023-12-26T11:58:55","slug":"los-intendentes-del-peronismo-mendocino-planean-una-reunion-en-buenos-aires-para-discutir-el-dnu","status":"publish","type":"post","link":"https:\/\/pasaenmendoza.com\/?p=4047","title":{"rendered":"Los intendentes del peronismo mendocino planean una reuni\u00f3n en Buenos Aires para discutir el DNU"},"content":{"rendered":"\n<p>Lo convoc\u00f3 la Federaci\u00f3n Argentina de Municipios. Al encuentro est\u00e1n invitados otros sectores pol\u00edticos, aunque el eje de las discusiones es el decreto, cuentan, y la entidad fue lapidaria con Milei<\/p>\n\n\n\n<p>Los<strong>\u00a0intendentes del peronismo mendocino planean reunirse este jueves para discutir qu\u00e9 har\u00e1n ante el DNU\u00a0<\/strong>presentado por el presidente, Javier Milei. El encuentro, ser\u00e1 en el marco de la\u00a0<strong>Federaci\u00f3n Argentina de Municipios<\/strong>\u00a0y los siete jefes comunales que tiene el PJ local est\u00e1n invitados. Algunos todav\u00eda est\u00e1n dudando su asistencia y otros ya confirmaron. Ser\u00e1 un d\u00eda antes de que comience a regir el decreto. Al encuentro est\u00e1n convocados otros sectores pol\u00edticos.<\/p>\n\n\n\n<p>El intendente de la Matanza -y figura fuerte de Uni\u00f3n por la Patria-\u00a0<strong>Fernando Espinoza\u00a0<\/strong>fue quien &#8220;levant\u00f3 el tubo&#8221; e hizo las invitaciones en los \u00faltimos d\u00edas.\u00a0<strong>Mat\u00edas Stevanato (Maip\u00fa) y Flor Dest\u00e9fanis (Santa Rosa)<\/strong>\u00a0fueron algunos de los primeros convocados. El maipucino ya asegur\u00f3 que estar\u00e1 ah\u00ed, mientras que la presidenta del partido a\u00fan no lo define -por la cantidad de actividades que hay en esos d\u00edas, aclararon cerca de la intendencia-.<\/p>\n\n\n\n<p>Similares fueron las respuestas de otros de los convocados.&nbsp;<strong>&#8220;Estoy evaluando porque deber\u00eda pasar actividades para otro d\u00eda&#8221;, contest\u00f3 Emir Andraos<\/strong>&nbsp;(Tunuy\u00e1n) a este diario, mientras que&nbsp;<strong>Celso Jaque<\/strong>&nbsp;anunci\u00f3 que har\u00e1 &#8220;lo posible para estar&#8221;. El intendente de Lavalle,&nbsp;<strong>Edgardo Gonz\u00e1lez,&nbsp;<\/strong>prometi\u00f3 decidirlo este martes, y a\u00fan no ha confirmado&nbsp;<strong>Omar F\u00e9lix&nbsp;<\/strong>(San Rafael).&nbsp;<strong>Fernando Ubieta<\/strong>&nbsp;(La Paz) ya anticip\u00f3 que participar\u00e1, pero de modo virtual.<\/p>\n\n\n\n<p>La\u00a0<strong>Federaci\u00f3n Argentina de Municipios<\/strong>\u00a0fue creada a<strong>\u00a0fines de la d\u00e9cada del 90&#8242;\u00a0<\/strong>y desde el a\u00f1o pasado es presidida por Espinoza. Aunque nuclea a toda aquella comuna argentina que<strong>\u00a0quiera sumarse voluntariamente<\/strong>, en esta reuni\u00f3n en particular va a estar fuertemente politizada, pues el eje de debate estar\u00e1 puesto en el\u00a0<strong>Decreto de Necesidad y Urgencia que present\u00f3 Milei,<\/strong>\u00a0contaron.<\/p>\n\n\n\n<p><strong>&#8220;Sin debate previo, avanza sobre los derechos de los trabajadores,\u00a0<\/strong>destroza las econom\u00edas regionales, plantea innumerables privatizaciones y entrega a sectores\u00a0<strong>concentrados o extranjeros el patrimonio de los argentinos.\u00a0<\/strong>Con este \u201cdecretazo\u201d, el Gobierno nacional deja desamparados a las y los habitantes de todo el pa\u00eds, beneficiando a la elite financiera&#8221;, fueron algunas de las cr\u00edticas que incorporaron a un comunicado conjunto.<\/p>\n\n\n\n<h2 class=\"wp-block-heading\">El peronismo cuestiona la constitucionalidad del DNU<\/h2>\n\n\n\n<p><strong>El PJ mendocino,<\/strong>&nbsp;como sus pares justicialistas a nivel nacional, vienen se\u00f1alando con fuerza que el&nbsp;<strong>DNU del Presidente es sencillamente inconstitucional.<\/strong>&nbsp;M\u00e1s all\u00e1 de haber puesto sobre la mesa el argumento de la cantidad de leyes que intenta cambiar o derogar Milei a trav\u00e9s de esa herramienta, esta semana esbozaron algunos de los&nbsp;<strong>conceptos por los que, dicen, el decreto est\u00e1 re\u00f1ido con la Carta Magna.<\/strong><\/p>\n\n\n\n<p><strong>&#8220;Uno es el criterio de urgencia.\u00a0<\/strong>El DNU debe estar basado en una premura real y acreditada por las autoridades correspondientes. Algo que no ocurri\u00f3 en absoluto. D\u00edas atr\u00e1s el juez supremo\u00a0<strong>Horacio Rosatti fue claro en una entrevista:\u00a0<\/strong>dijo que, por esta v\u00eda, es imperioso cumplir con los criterios extremadamente finos de la urgencia; y Milei se saltea eso&#8221;, fueron las palabras de la abogada y exdiputada Marisa Uceda.\u00a0<strong>Hay radicales mendocinos<\/strong>\u00a0-a favor del DNU- que\u00a0<strong>coinciden en ese elemento puntual.<\/strong><\/p>\n\n\n\n<p>Otro de los elementos es que&nbsp;<strong>\u201cviola la progresividad de derechos laborales\u201d<\/strong>. Para el partido que encabeza a Uni\u00f3n por la Patria, las nuevas decisiones en esa materia son manifiestamente negativas para los trabajadores, cuando esa \u201cinstituci\u00f3n\u201d -la progresividad- debe garantizar que&nbsp;<strong>cualquier cambio signifique para ellos una mejor\u00eda y no un retroceso.<\/strong><\/p>\n\n\n\n<p>La Justicia, que ya recibi\u00f3 distintas presentaciones contra el paquete de normas, deber\u00e1 determinar si las modificaciones que quiere Milei son necesaria y objetivamente retrocesos laborales o si hay&nbsp;<strong>argumentos suficientes para analizarlos como mejoras,<\/strong>&nbsp;tal como sostiene La Libertad Avanza.<\/p>\n\n\n\n<p>En Diputados, el justicialismo asegura que\u00a0<strong>no hay canales de di\u00e1logo<\/strong>\u00a0abiertos. \u201cEste chico no aprendi\u00f3 nada de su familia, que por lo menos ten\u00eda mucha capacidad de abrir puentes\u201d, dijo una fuente del PJ mendocino en referencia a\u00a0<strong>Mart\u00edn Menem,\u00a0<\/strong>presidente de la c\u00e1mara. Sin embargo, fuentes cercanas a las &#8220;negociaciones&#8221; dicen que el titular est\u00e1 dialogando con todos los sectores.<\/p>\n\n\n\n<p>FUENTE: Diariouno.com.ar <\/p>\n","protected":false},"excerpt":{"rendered":"<p>Lo convoc\u00f3 la Federaci\u00f3n Argentina de Municipios. Al encuentro est\u00e1n invitados otros sectores pol\u00edticos, aunque el eje de las discusiones es el decreto, cuentan, y la entidad fue lapidaria con Milei Los\u00a0intendentes del peronismo mendocino planean reunirse este jueves para discutir qu\u00e9 har\u00e1n ante el DNU\u00a0presentado por el presidente, Javier Milei. El encuentro, ser\u00e1 en [&hellip;]<\/p>\n","protected":false},"author":2,"featured_media":4048,"comment_status":"open","ping_status":"open","sticky":true,"template":"","format":"standard","meta":[],"categories":[47],"tags":[],"_links":{"self":[{"href":"https:\/\/pasaenmendoza.com\/index.php?rest_route=\/wp\/v2\/posts\/4047"}],"collection":[{"href":"https:\/\/pasaenmendoza.com\/index.php?rest_route=\/wp\/v2\/posts"}],"about":[{"href":"https:\/\/pasaenmendoza.com\/index.php?rest_route=\/wp\/v2\/types\/post"}],"author":[{"embeddable":true,"href":"https:\/\/pasaenmendoza.com\/index.php?rest_route=\/wp\/v2\/users\/2"}],"replies":[{"embeddable":true,"href":"https:\/\/pasaenmendoza.com\/index.php?rest_route=%2Fwp%2Fv2%2Fcomments&post=4047"}],"version-history":[{"count":1,"href":"https:\/\/pasaenmendoza.com\/index.php?rest_route=\/wp\/v2\/posts\/4047\/revisions"}],"predecessor-version":[{"id":4049,"href":"https:\/\/pasaenmendoza.com\/index.php?rest_route=\/wp\/v2\/posts\/4047\/revisions\/4049"}],"wp:featuredmedia":[{"embeddable":true,"href":"https:\/\/pasaenmendoza.com\/index.php?rest_route=\/wp\/v2\/media\/4048"}],"wp:attachment":[{"href":"https:\/\/pasaenmendoza.com\/index.php?rest_route=%2Fwp%2Fv2%2Fmedia&parent=4047"}],"wp:term":[{"taxonomy":"category","embeddable":true,"href":"https:\/\/pasaenmendoza.com\/index.php?rest_route=%2Fwp%2Fv2%2Fcategories&post=4047"},{"taxonomy":"post_tag","embeddable":true,"href":"https:\/\/pasaenmendoza.com\/index.php?rest_route=%2Fwp%2Fv2%2Ftags&post=4047"}],"curies":[{"name":"wp","href":"https:\/\/api.w.org\/{rel}","templated":true}]}}