{"id":4050,"date":"2023-12-26T13:35:53","date_gmt":"2023-12-26T12:35:53","guid":{"rendered":"https:\/\/pasaenmendoza.com\/?p=4050"},"modified":"2023-12-26T13:35:55","modified_gmt":"2023-12-26T12:35:55","slug":"martes-caluroso-y-humedo-con-algunas-tormentas","status":"publish","type":"post","link":"https:\/\/pasaenmendoza.com\/?p=4050","title":{"rendered":"Martes caluroso y h\u00famedo con algunas tormentas"},"content":{"rendered":"\n<p>Este martes, el pron\u00f3stico para Mendoza indica<strong>&nbsp;una jornada calurosa, con algunas tormentas aisladas en el Gran Mendoza.<\/strong><\/p>\n\n\n\n<p>Seg\u00fan el&nbsp;<strong>Servicio Meteorol\u00f3gico Nacional<\/strong>, en el Gran Mendoza la m\u00e1xima llegar\u00e1 a los 33\u00b0. Tambi\u00e9n se esperan algunas tormentas aisladas durante la noche.<\/p>\n\n\n\n<p>La humedad se mantiene alta y las previsiones de lluvias y tormentas se mantendr\u00e1n al menos hasta el jueves. Por el momento no hay alertas meteorol\u00f3gicas.&nbsp;<\/p>\n\n\n\n<p>Para ma\u00f1ana mi\u00e9rcoles, el pron\u00f3stico indica ascenso de temperatura, con una&nbsp;<strong>m\u00e1xima de 36\u00b0 y tormentas aisladas por la tarde y noche.&nbsp;<\/strong><\/p>\n\n\n\n<p><strong>Fuente: www.mendozapost.com<\/strong><\/p>\n","protected":false},"excerpt":{"rendered":"<p>Este martes, el pron\u00f3stico para Mendoza indica&nbsp;una jornada calurosa, con algunas tormentas aisladas en el Gran Mendoza. Seg\u00fan el&nbsp;Servicio Meteorol\u00f3gico Nacional, en el Gran Mendoza la m\u00e1xima llegar\u00e1 a los 33\u00b0. Tambi\u00e9n se esperan algunas tormentas aisladas durante la noche. La humedad se mantiene alta y las previsiones de lluvias y tormentas se mantendr\u00e1n al [&hellip;]<\/p>\n","protected":false},"author":2,"featured_media":4051,"comment_status":"open","ping_status":"open","sticky":false,"template":"","format":"standard","meta":[],"categories":[52],"tags":[],"_links":{"self":[{"href":"https:\/\/pasaenmendoza.com\/index.php?rest_route=\/wp\/v2\/posts\/4050"}],"collection":[{"href":"https:\/\/pasaenmendoza.com\/index.php?rest_route=\/wp\/v2\/posts"}],"about":[{"href":"https:\/\/pasaenmendoza.com\/index.php?rest_route=\/wp\/v2\/types\/post"}],"author":[{"embeddable":true,"href":"https:\/\/pasaenmendoza.com\/index.php?rest_route=\/wp\/v2\/users\/2"}],"replies":[{"embeddable":true,"href":"https:\/\/pasaenmendoza.com\/index.php?rest_route=%2Fwp%2Fv2%2Fcomments&post=4050"}],"version-history":[{"count":1,"href":"https:\/\/pasaenmendoza.com\/index.php?rest_route=\/wp\/v2\/posts\/4050\/revisions"}],"predecessor-version":[{"id":4052,"href":"https:\/\/pasaenmendoza.com\/index.php?rest_route=\/wp\/v2\/posts\/4050\/revisions\/4052"}],"wp:featuredmedia":[{"embeddable":true,"href":"https:\/\/pasaenmendoza.com\/index.php?rest_route=\/wp\/v2\/media\/4051"}],"wp:attachment":[{"href":"https:\/\/pasaenmendoza.com\/index.php?rest_route=%2Fwp%2Fv2%2Fmedia&parent=4050"}],"wp:term":[{"taxonomy":"category","embeddable":true,"href":"https:\/\/pasaenmendoza.com\/index.php?rest_route=%2Fwp%2Fv2%2Fcategories&post=4050"},{"taxonomy":"post_tag","embeddable":true,"href":"https:\/\/pasaenmendoza.com\/index.php?rest_route=%2Fwp%2Fv2%2Ftags&post=4050"}],"curies":[{"name":"wp","href":"https:\/\/api.w.org\/{rel}","templated":true}]}}