{"id":4053,"date":"2023-12-26T13:46:55","date_gmt":"2023-12-26T12:46:55","guid":{"rendered":"https:\/\/pasaenmendoza.com\/?p=4053"},"modified":"2023-12-26T13:46:56","modified_gmt":"2023-12-26T12:46:56","slug":"otra-bala-perdida-hirio-a-una-mujer-en-maipu-durante-los-festejos-navidenos","status":"publish","type":"post","link":"https:\/\/pasaenmendoza.com\/?p=4053","title":{"rendered":"Otra bala perdida hiri\u00f3 a una mujer en Maip\u00fa durante los festejos navide\u00f1os"},"content":{"rendered":"\n<p><strong>Una mujer de 60 a\u00f1os<\/strong>&nbsp;que recibi\u00f3 el impacto de una bala perdida durante los festejos navide\u00f1os en una vivienda ubicada en Maip\u00fa fue intervenida en el Hospital Central, donde le extrajeron el proyectil, y&nbsp;<strong>qued\u00f3 internada est\u00e1 fuera de peligro.<\/strong><\/p>\n\n\n\n<p>El caso se conoci\u00f3 pocas horas despu\u00e9s de la confirmaci\u00f3n de la muerte de una\u00a0<strong>joven que tambi\u00e9n recibi\u00f3 una bala perdida en su cabeza<\/strong>\u00a0mientras festejaba la Navidad con su familia en una casa de Godoy Cruz.<\/p>\n\n\n\n<p>De acuerdo con la informaci\u00f3n policial,&nbsp;<strong>Nidia Mabel Orozco<\/strong>&nbsp;ingres\u00f3 este lunes, aproximadamente a las 3.15, a la guardia oftalmol\u00f3gica del&nbsp;<strong>Hospital Central<\/strong>. Los estudios confirmaron que presentaba una herida de arma de fuego y que el proyectil hab\u00eda quedado alojado en el sector frontal del cr\u00e1neo.<\/p>\n\n\n\n<p>La mujer fue intervenida con \u00e9xito para extraerle la bala y qued\u00f3 internada, fuera de peligro. Su hijo relat\u00f3 a los investigadores que minutos despu\u00e9s del brindis navide\u00f1o en una vivienda ubicada sobre calle S\u00e1enz Pe\u00f1a 92, de Maip\u00fa, mientras realizaban la sobremesa,\u00a0<strong>se escucharon estruendos.<\/strong>\u00a0En ese momento observaron que Orozco estaba herida en un ojo, por lo que decidieron trasladarla al Hospital Central.<\/p>\n\n\n\n<p><strong>Muerte en Godoy Cruz<\/strong><\/p>\n\n\n\n<p>El hecho tiene ciertas similitudes con otro caso ocurrido en Godoy Cruz, donde&nbsp;<strong>Mariana Dom\u00ednguez<\/strong>, de 28 a\u00f1os, perdi\u00f3 la vida tras recibir una bala perdida en su nuca.<\/p>\n\n\n\n<p>El hecho ocurri\u00f3 minutos antes de las 2 en un domicilio de calle Picheuta de Villa Hip\u00f3dromo, cuando la joven se levant\u00f3 a buscar agua y cay\u00f3 desplomada al piso frente a sus allegados, tal como describieron los testigos.\u00a0<strong>Dom\u00ednguez comenz\u00f3 a sangrar por la nariz y los o\u00eddos<\/strong>\u00a0y creyeron que hab\u00eda tropezado y golpeado su cabeza en el piso.<\/p>\n\n\n\n<p>La trasladaron de urgencia al\u00a0<strong>Hospital El Carmen<\/strong>\u00a0y los m\u00e9dicos diagnosticaron que presentaba una herida de arma de fuego en la nuca. En estado cr\u00edtico fue derivada al\u00a0<strong>Hospital Central<\/strong>, donde falleci\u00f3 este lunes minutos antes de las 14.<\/p>\n\n\n\n<p>El fiscal de Homicidios&nbsp;<strong>Gustavo Pirrello<\/strong>, a cargo de la investigaci\u00f3n, orden\u00f3 una serie de medidas en la casa y Polic\u00eda Cient\u00edfica descubri\u00f3 que hab\u00eda un orificio en una tela media sombra ubicada en el patio, compatible con la teor\u00eda de los pesquisas sobre una lesi\u00f3n provocada por un proyectil de arma de fuego.<\/p>\n\n\n\n<p>La hip\u00f3tesis se\u00f1ala que alguien de la zona dispar\u00f3 un arma de fuego al aire durante los festejos navide\u00f1os y el plomo baj\u00f3 e impact\u00f3 en la cabeza la joven. Los detectives advierten que\u00a0<strong>ser\u00e1 complicado encontrar a el o los culpables del hecho.<\/strong><\/p>\n\n\n\n<p><strong>Fuente: www.elsol.com.ar<\/strong><\/p>\n","protected":false},"excerpt":{"rendered":"<p>Una mujer de 60 a\u00f1os&nbsp;que recibi\u00f3 el impacto de una bala perdida durante los festejos navide\u00f1os en una vivienda ubicada en Maip\u00fa fue intervenida en el Hospital Central, donde le extrajeron el proyectil, y&nbsp;qued\u00f3 internada est\u00e1 fuera de peligro. El caso se conoci\u00f3 pocas horas despu\u00e9s de la confirmaci\u00f3n de la muerte de una\u00a0joven que [&hellip;]<\/p>\n","protected":false},"author":2,"featured_media":4054,"comment_status":"open","ping_status":"open","sticky":false,"template":"","format":"standard","meta":[],"categories":[48],"tags":[],"_links":{"self":[{"href":"https:\/\/pasaenmendoza.com\/index.php?rest_route=\/wp\/v2\/posts\/4053"}],"collection":[{"href":"https:\/\/pasaenmendoza.com\/index.php?rest_route=\/wp\/v2\/posts"}],"about":[{"href":"https:\/\/pasaenmendoza.com\/index.php?rest_route=\/wp\/v2\/types\/post"}],"author":[{"embeddable":true,"href":"https:\/\/pasaenmendoza.com\/index.php?rest_route=\/wp\/v2\/users\/2"}],"replies":[{"embeddable":true,"href":"https:\/\/pasaenmendoza.com\/index.php?rest_route=%2Fwp%2Fv2%2Fcomments&post=4053"}],"version-history":[{"count":1,"href":"https:\/\/pasaenmendoza.com\/index.php?rest_route=\/wp\/v2\/posts\/4053\/revisions"}],"predecessor-version":[{"id":4055,"href":"https:\/\/pasaenmendoza.com\/index.php?rest_route=\/wp\/v2\/posts\/4053\/revisions\/4055"}],"wp:featuredmedia":[{"embeddable":true,"href":"https:\/\/pasaenmendoza.com\/index.php?rest_route=\/wp\/v2\/media\/4054"}],"wp:attachment":[{"href":"https:\/\/pasaenmendoza.com\/index.php?rest_route=%2Fwp%2Fv2%2Fmedia&parent=4053"}],"wp:term":[{"taxonomy":"category","embeddable":true,"href":"https:\/\/pasaenmendoza.com\/index.php?rest_route=%2Fwp%2Fv2%2Fcategories&post=4053"},{"taxonomy":"post_tag","embeddable":true,"href":"https:\/\/pasaenmendoza.com\/index.php?rest_route=%2Fwp%2Fv2%2Ftags&post=4053"}],"curies":[{"name":"wp","href":"https:\/\/api.w.org\/{rel}","templated":true}]}}