{"id":4056,"date":"2023-12-26T13:51:15","date_gmt":"2023-12-26T12:51:15","guid":{"rendered":"https:\/\/pasaenmendoza.com\/?p=4056"},"modified":"2023-12-26T13:51:16","modified_gmt":"2023-12-26T12:51:16","slug":"un-joven-murio-ahogado-en-el-dique-cipolletti","status":"publish","type":"post","link":"https:\/\/pasaenmendoza.com\/?p=4056","title":{"rendered":"Un joven muri\u00f3 ahogado en el dique Cipolletti"},"content":{"rendered":"\n<p><strong>Un joven muri\u00f3 la tarde de este lunes<\/strong>&nbsp;luego de ser arrastrado por la corriente en zona del&nbsp;<strong>dique Cipolletti<\/strong>, en Luj\u00e1n. El cuerpo de la v\u00edctima pudo ser rescatado pasadas las 20, cuando se abrieron las compuertas del sector y bomberos trabajaron en el lugar.<\/p>\n\n\n\n<p>Un llamado al 911 advirti\u00f3 sobre una persona sin vida en el cauce y los bomberos Voluntarios y del Cuartel Central informaron que se trataba de un var\u00f3n.<\/p>\n\n\n\n<p>Esperaron autorizaci\u00f3n judicial para abrir las compuertas y en\u00a0<strong>la n\u00famero 5 y detectaron la presencia del cad\u00e1ver.<\/strong><\/p>\n\n\n\n<p>El mismo fue retirado del agua hacia un lugar seguro por y Polic\u00eda Cient\u00edfica trabaj\u00f3 en la escena. Pasadas las 21, la v\u00edctima fue identificada.<strong>\u00a0Ten\u00eda 20 a\u00f1os\u00a0<\/strong>y se encontraba en el interior del cauce ba\u00f1\u00e1ndose con un amigo cuando fue arrastrado, describi\u00f3 el testigo.<\/p>\n\n\n\n<p><strong>Fuente: www.elsol.com.ar<\/strong><\/p>\n","protected":false},"excerpt":{"rendered":"<p>Un joven muri\u00f3 la tarde de este lunes&nbsp;luego de ser arrastrado por la corriente en zona del&nbsp;dique Cipolletti, en Luj\u00e1n. El cuerpo de la v\u00edctima pudo ser rescatado pasadas las 20, cuando se abrieron las compuertas del sector y bomberos trabajaron en el lugar. Un llamado al 911 advirti\u00f3 sobre una persona sin vida en [&hellip;]<\/p>\n","protected":false},"author":2,"featured_media":4057,"comment_status":"open","ping_status":"open","sticky":false,"template":"","format":"standard","meta":[],"categories":[48],"tags":[],"_links":{"self":[{"href":"https:\/\/pasaenmendoza.com\/index.php?rest_route=\/wp\/v2\/posts\/4056"}],"collection":[{"href":"https:\/\/pasaenmendoza.com\/index.php?rest_route=\/wp\/v2\/posts"}],"about":[{"href":"https:\/\/pasaenmendoza.com\/index.php?rest_route=\/wp\/v2\/types\/post"}],"author":[{"embeddable":true,"href":"https:\/\/pasaenmendoza.com\/index.php?rest_route=\/wp\/v2\/users\/2"}],"replies":[{"embeddable":true,"href":"https:\/\/pasaenmendoza.com\/index.php?rest_route=%2Fwp%2Fv2%2Fcomments&post=4056"}],"version-history":[{"count":1,"href":"https:\/\/pasaenmendoza.com\/index.php?rest_route=\/wp\/v2\/posts\/4056\/revisions"}],"predecessor-version":[{"id":4058,"href":"https:\/\/pasaenmendoza.com\/index.php?rest_route=\/wp\/v2\/posts\/4056\/revisions\/4058"}],"wp:featuredmedia":[{"embeddable":true,"href":"https:\/\/pasaenmendoza.com\/index.php?rest_route=\/wp\/v2\/media\/4057"}],"wp:attachment":[{"href":"https:\/\/pasaenmendoza.com\/index.php?rest_route=%2Fwp%2Fv2%2Fmedia&parent=4056"}],"wp:term":[{"taxonomy":"category","embeddable":true,"href":"https:\/\/pasaenmendoza.com\/index.php?rest_route=%2Fwp%2Fv2%2Fcategories&post=4056"},{"taxonomy":"post_tag","embeddable":true,"href":"https:\/\/pasaenmendoza.com\/index.php?rest_route=%2Fwp%2Fv2%2Ftags&post=4056"}],"curies":[{"name":"wp","href":"https:\/\/api.w.org\/{rel}","templated":true}]}}