{"id":4062,"date":"2023-12-26T13:58:54","date_gmt":"2023-12-26T12:58:54","guid":{"rendered":"https:\/\/pasaenmendoza.com\/?p=4062"},"modified":"2023-12-26T13:58:56","modified_gmt":"2023-12-26T12:58:56","slug":"antes-de-irse-rodolfo-suarez-destino-mas-de-1-000-millones-para-la-ampliacion-del-metrotranvia","status":"publish","type":"post","link":"https:\/\/pasaenmendoza.com\/?p=4062","title":{"rendered":"Antes de irse, Rodolfo Suarez destin\u00f3 m\u00e1s de $1.000 millones para la ampliaci\u00f3n del Metrotranv\u00eda"},"content":{"rendered":"\n<p>El Gobierno provincial le transfiri\u00f3 m\u00e1s de $1.000 millones a la Sociedad de Transporte de Mendoza para continuar con la tercera etapa de la ampliaci\u00f3n del&nbsp;<strong>Metrotranv\u00eda<\/strong>.<\/p>\n\n\n\n<p>La novedad se dio a conocer a trav\u00e9s del decreto 2918, que fue publicado este martes en el Bolet\u00edn Oficial, aunque tiene fecha del 6 de diciembre,&nbsp;<mark>cuando Rodolfo Suarez a\u00fan era gobernador de la provincia.<\/mark><\/p>\n\n\n\n<p><em>\u201cOt\u00f3rguese a favor de la Sociedad de Transporte de Mendoza, Sociedad An\u00f3nima Unipersonal de Participaci\u00f3n Estatal (STM- S.A.U.P.E.) un aporte irrevocable de capital por la suma de Pesos Un Mil Sesenta y Ocho Millones Ciento Cuarenta y Tres Mil Trescientos Cincuenta y Tres con Noventa y Ocho Centavos ($1.068.143.353,98)\u201d<\/em>, indica el art\u00edculo 1 de la norma.<\/p>\n\n\n\n<p>Por otra parte, tambi\u00e9n confirmaron que el gasto ser\u00e1 afrontado por partidas del presupuesto del 2023.<\/p>\n\n\n\n<p>La tercera etapa del Metrotranv\u00eda ampliar\u00e1 el ramal hacia el norte -comunicando Las Heras con el aeropuerto El Plumerillo- y hacia el sur, extendiendo el recorrido hasta Luj\u00e1n de Cuyo.<\/p>\n\n\n\n<p><strong>Fuente: www.elsol.com.ar<\/strong><\/p>\n","protected":false},"excerpt":{"rendered":"<p>El Gobierno provincial le transfiri\u00f3 m\u00e1s de $1.000 millones a la Sociedad de Transporte de Mendoza para continuar con la tercera etapa de la ampliaci\u00f3n del&nbsp;Metrotranv\u00eda. La novedad se dio a conocer a trav\u00e9s del decreto 2918, que fue publicado este martes en el Bolet\u00edn Oficial, aunque tiene fecha del 6 de diciembre,&nbsp;cuando Rodolfo Suarez [&hellip;]<\/p>\n","protected":false},"author":2,"featured_media":4063,"comment_status":"open","ping_status":"open","sticky":false,"template":"","format":"standard","meta":[],"categories":[75],"tags":[],"_links":{"self":[{"href":"https:\/\/pasaenmendoza.com\/index.php?rest_route=\/wp\/v2\/posts\/4062"}],"collection":[{"href":"https:\/\/pasaenmendoza.com\/index.php?rest_route=\/wp\/v2\/posts"}],"about":[{"href":"https:\/\/pasaenmendoza.com\/index.php?rest_route=\/wp\/v2\/types\/post"}],"author":[{"embeddable":true,"href":"https:\/\/pasaenmendoza.com\/index.php?rest_route=\/wp\/v2\/users\/2"}],"replies":[{"embeddable":true,"href":"https:\/\/pasaenmendoza.com\/index.php?rest_route=%2Fwp%2Fv2%2Fcomments&post=4062"}],"version-history":[{"count":1,"href":"https:\/\/pasaenmendoza.com\/index.php?rest_route=\/wp\/v2\/posts\/4062\/revisions"}],"predecessor-version":[{"id":4064,"href":"https:\/\/pasaenmendoza.com\/index.php?rest_route=\/wp\/v2\/posts\/4062\/revisions\/4064"}],"wp:featuredmedia":[{"embeddable":true,"href":"https:\/\/pasaenmendoza.com\/index.php?rest_route=\/wp\/v2\/media\/4063"}],"wp:attachment":[{"href":"https:\/\/pasaenmendoza.com\/index.php?rest_route=%2Fwp%2Fv2%2Fmedia&parent=4062"}],"wp:term":[{"taxonomy":"category","embeddable":true,"href":"https:\/\/pasaenmendoza.com\/index.php?rest_route=%2Fwp%2Fv2%2Fcategories&post=4062"},{"taxonomy":"post_tag","embeddable":true,"href":"https:\/\/pasaenmendoza.com\/index.php?rest_route=%2Fwp%2Fv2%2Ftags&post=4062"}],"curies":[{"name":"wp","href":"https:\/\/api.w.org\/{rel}","templated":true}]}}