{"id":4065,"date":"2023-12-26T14:02:41","date_gmt":"2023-12-26T13:02:41","guid":{"rendered":"https:\/\/pasaenmendoza.com\/?p=4065"},"modified":"2023-12-26T14:02:42","modified_gmt":"2023-12-26T13:02:42","slug":"la-tendencia-para-ano-nuevo-mesa-adentro-o-afuera","status":"publish","type":"post","link":"https:\/\/pasaenmendoza.com\/?p=4065","title":{"rendered":"La tendencia para A\u00f1o Nuevo, \u00bfmesa adentro o afuera?"},"content":{"rendered":"\n<p>Tal como se anunci\u00f3 para\u00a0<strong>Nochebuena<\/strong>,\u00a0<mark>la tendencia para celebrar el\u00a0<strong>A\u00f1o Nuevo<\/strong>\u00a0indica que ser\u00e1 mejor planificar la velada con mesa adentro<\/mark>, si bien se prev\u00e9n jornadas calurosas a lo largo de toda la semana, el domingo empieza a desmejorar hacia la noche.<\/p>\n\n\n\n<p>De acuerdo con el reporte brindado a\u00a0<em>El Sol\u00a0<\/em>por el\u00a0<strong>meteor\u00f3logo Fernando Jara<\/strong>, el\u00a0<strong>domingo<\/strong>\u00a0estar\u00e1 c\u00e1lido y h\u00famedo, pero\u00a0<mark>se pronostican tormentas aisladas.\u00a0<\/mark>Ingresa un peque\u00f1o frente fr\u00edo, durante la madrugada del lunes que har\u00e1 descender levemente los registros.\u00a0<mark>La m\u00ednima ser\u00e1 de 18 grados y la m\u00e1xima de 33.<\/mark><\/p>\n\n\n\n<p>Para el\u00a0<strong>lunes<\/strong>, primer d\u00eda del 2024, se pronostica nubosidad variable, con leve descenso de la temperatura.\u00a0<mark>La m\u00ednima ser\u00e1 de 17 grados y la m\u00e1xima de 28.<\/mark><\/p>\n\n\n\n<p><strong>Lo que viene para la semana<\/strong><\/p>\n\n\n\n<p>Durante toda la semana se pronostican jornadas calurosas e inestables hacia la noche, con probabilidad de tormentas aisladas y posible ca\u00edda de granizo.<\/p>\n\n\n\n<p><mark>Las m\u00ednimas y m\u00e1ximas estar\u00e1n por encima de la media<\/mark>, que superar\u00e1n los 20 y 35 grados, respectivamente.<\/p>\n\n\n\n<p>La jornada m\u00e1s calurosa ser\u00e1 la de este\u00a0<mark><strong>mi\u00e9rcoles<\/strong>, con una m\u00ednima de 21 grados y una m\u00e1xima que llegar\u00e1 a los 36.\u00a0<\/mark>Hacia la noche se prev\u00e9n tormentas aisladas.<\/p>\n\n\n\n<p><strong>Fuente: www.elsol.com.ar<\/strong><\/p>\n","protected":false},"excerpt":{"rendered":"<p>Tal como se anunci\u00f3 para\u00a0Nochebuena,\u00a0la tendencia para celebrar el\u00a0A\u00f1o Nuevo\u00a0indica que ser\u00e1 mejor planificar la velada con mesa adentro, si bien se prev\u00e9n jornadas calurosas a lo largo de toda la semana, el domingo empieza a desmejorar hacia la noche. De acuerdo con el reporte brindado a\u00a0El Sol\u00a0por el\u00a0meteor\u00f3logo Fernando Jara, el\u00a0domingo\u00a0estar\u00e1 c\u00e1lido y h\u00famedo, [&hellip;]<\/p>\n","protected":false},"author":2,"featured_media":4066,"comment_status":"open","ping_status":"open","sticky":false,"template":"","format":"standard","meta":[],"categories":[50],"tags":[],"_links":{"self":[{"href":"https:\/\/pasaenmendoza.com\/index.php?rest_route=\/wp\/v2\/posts\/4065"}],"collection":[{"href":"https:\/\/pasaenmendoza.com\/index.php?rest_route=\/wp\/v2\/posts"}],"about":[{"href":"https:\/\/pasaenmendoza.com\/index.php?rest_route=\/wp\/v2\/types\/post"}],"author":[{"embeddable":true,"href":"https:\/\/pasaenmendoza.com\/index.php?rest_route=\/wp\/v2\/users\/2"}],"replies":[{"embeddable":true,"href":"https:\/\/pasaenmendoza.com\/index.php?rest_route=%2Fwp%2Fv2%2Fcomments&post=4065"}],"version-history":[{"count":1,"href":"https:\/\/pasaenmendoza.com\/index.php?rest_route=\/wp\/v2\/posts\/4065\/revisions"}],"predecessor-version":[{"id":4067,"href":"https:\/\/pasaenmendoza.com\/index.php?rest_route=\/wp\/v2\/posts\/4065\/revisions\/4067"}],"wp:featuredmedia":[{"embeddable":true,"href":"https:\/\/pasaenmendoza.com\/index.php?rest_route=\/wp\/v2\/media\/4066"}],"wp:attachment":[{"href":"https:\/\/pasaenmendoza.com\/index.php?rest_route=%2Fwp%2Fv2%2Fmedia&parent=4065"}],"wp:term":[{"taxonomy":"category","embeddable":true,"href":"https:\/\/pasaenmendoza.com\/index.php?rest_route=%2Fwp%2Fv2%2Fcategories&post=4065"},{"taxonomy":"post_tag","embeddable":true,"href":"https:\/\/pasaenmendoza.com\/index.php?rest_route=%2Fwp%2Fv2%2Ftags&post=4065"}],"curies":[{"name":"wp","href":"https:\/\/api.w.org\/{rel}","templated":true}]}}