{"id":4068,"date":"2023-12-26T14:09:02","date_gmt":"2023-12-26T13:09:02","guid":{"rendered":"https:\/\/pasaenmendoza.com\/?p=4068"},"modified":"2023-12-26T14:09:03","modified_gmt":"2023-12-26T13:09:03","slug":"importante-incendio-en-un-deposito-de-guaymallen","status":"publish","type":"post","link":"https:\/\/pasaenmendoza.com\/?p=4068","title":{"rendered":"Importante incendio en un dep\u00f3sito de Guaymall\u00e9n"},"content":{"rendered":"\n<p>Un incendio de importantes dimensiones afect\u00f3 un lote ubicado en la intersecci\u00f3n de las calles Uruguay y Pellegrini del departamento de&nbsp;<strong>Guaymall\u00e9n<\/strong>.<\/p>\n\n\n\n<p>Las llamas habr\u00edan comenzado pasadas las 6 de la ma\u00f1ana en un terreno que no cuenta con una vivienda, sino que se utilizar\u00eda como dep\u00f3sito de un taller mec\u00e1nico, ya que se encontraron elementos que vinculados al oficio, como barriles con aceite y elementos para retirar motores.<\/p>\n\n\n\n<p>En el lugar trabajan una dotaci\u00f3n de bomberos voluntarios de Guaymall\u00e9n y rescatistas del Cuartel Central, quienes confirmaron que no hay v\u00edctimas ni heridos producto de las llamas.<\/p>\n\n\n\n<p>Miguel Contreras, jefe de bomberos voluntarios de Guaymall\u00e9n, adelant\u00f3 que \u201c<em>el incendio est\u00e1 sofocado de manera parcial<\/em>\u201d y que la situaci\u00f3n \u201c<em>ya no reviste peligro<\/em>\u201c.<\/p>\n\n\n\n<p><em>\u201cEs pronto para poder confirmar cu\u00e1les son los da\u00f1os materiales producidos por el incendio. Si sabemos que son muchos, por las caracter\u00edsticas del incendio. En tanto, estamos haciendo el relevamiento de las casas colindantes, para saber si fueron afectadas por el fuego\u201d<\/em>, explic\u00f3 Contreras.<\/p>\n\n\n\n<p>Hasta el momento, los \u00fanicos da\u00f1os materiales que se han constatado son un cuatriciclo y una camioneta que fueron alcanzados por el fuego.<\/p>\n\n\n\n<p>Los vecinos expresaron su preocupaci\u00f3n, no s\u00f3lo por las dimensiones del incidente, sino porque a pocos metros del lugar se encuentra ubicada una estaci\u00f3n de servicio, por lo que tem\u00edan que se extendiera hasta el lugar.<\/p>\n\n\n\n<p><strong>Fuente: www.elsol.com.ar<\/strong><\/p>\n","protected":false},"excerpt":{"rendered":"<p>Un incendio de importantes dimensiones afect\u00f3 un lote ubicado en la intersecci\u00f3n de las calles Uruguay y Pellegrini del departamento de&nbsp;Guaymall\u00e9n. Las llamas habr\u00edan comenzado pasadas las 6 de la ma\u00f1ana en un terreno que no cuenta con una vivienda, sino que se utilizar\u00eda como dep\u00f3sito de un taller mec\u00e1nico, ya que se encontraron elementos [&hellip;]<\/p>\n","protected":false},"author":2,"featured_media":4069,"comment_status":"open","ping_status":"open","sticky":false,"template":"","format":"standard","meta":[],"categories":[48],"tags":[],"_links":{"self":[{"href":"https:\/\/pasaenmendoza.com\/index.php?rest_route=\/wp\/v2\/posts\/4068"}],"collection":[{"href":"https:\/\/pasaenmendoza.com\/index.php?rest_route=\/wp\/v2\/posts"}],"about":[{"href":"https:\/\/pasaenmendoza.com\/index.php?rest_route=\/wp\/v2\/types\/post"}],"author":[{"embeddable":true,"href":"https:\/\/pasaenmendoza.com\/index.php?rest_route=\/wp\/v2\/users\/2"}],"replies":[{"embeddable":true,"href":"https:\/\/pasaenmendoza.com\/index.php?rest_route=%2Fwp%2Fv2%2Fcomments&post=4068"}],"version-history":[{"count":1,"href":"https:\/\/pasaenmendoza.com\/index.php?rest_route=\/wp\/v2\/posts\/4068\/revisions"}],"predecessor-version":[{"id":4070,"href":"https:\/\/pasaenmendoza.com\/index.php?rest_route=\/wp\/v2\/posts\/4068\/revisions\/4070"}],"wp:featuredmedia":[{"embeddable":true,"href":"https:\/\/pasaenmendoza.com\/index.php?rest_route=\/wp\/v2\/media\/4069"}],"wp:attachment":[{"href":"https:\/\/pasaenmendoza.com\/index.php?rest_route=%2Fwp%2Fv2%2Fmedia&parent=4068"}],"wp:term":[{"taxonomy":"category","embeddable":true,"href":"https:\/\/pasaenmendoza.com\/index.php?rest_route=%2Fwp%2Fv2%2Fcategories&post=4068"},{"taxonomy":"post_tag","embeddable":true,"href":"https:\/\/pasaenmendoza.com\/index.php?rest_route=%2Fwp%2Fv2%2Ftags&post=4068"}],"curies":[{"name":"wp","href":"https:\/\/api.w.org\/{rel}","templated":true}]}}