{"id":4074,"date":"2023-12-27T13:27:30","date_gmt":"2023-12-27T12:27:30","guid":{"rendered":"https:\/\/pasaenmendoza.com\/?p=4074"},"modified":"2023-12-27T13:27:42","modified_gmt":"2023-12-27T12:27:42","slug":"los-llamados-y-puentes-que-estrechan-el-vinculo-entre-alfredo-cornejo-y-javier-milei","status":"publish","type":"post","link":"https:\/\/pasaenmendoza.com\/?p=4074","title":{"rendered":"Los llamados y puentes que estrechan el v\u00ednculo entre Alfredo Cornejo y Javier Milei"},"content":{"rendered":"\n<p>Cada vez existen m\u00e1s vasos comunicantes entre el gobernador de Mendoza y el presidente de la Naci\u00f3n. Coinciden en el diagn\u00f3stico pero hay matices respecto a las soluciones<\/p>\n\n\n\n<p>Entre\u00a0<strong>Alfredo Cornejo\u00a0<\/strong>y\u00a0<strong>Javier<\/strong>\u00a0<strong>Milei\u00a0<\/strong>existen m\u00e1s coincidencias de las que muchos creen. Incluso, en Casa de Gobierno se comenta que con frecuencia hay comunicaciones telef\u00f3nicas entre ambos. Si bien tienen matices respecto al DNU, en Mendoza coinciden con la necesidad de escuchar el reclamo de la ciudadan\u00eda y avanzar con reformas que consideran urgentes. Pero eso no quiere decir que est\u00e9n de acuerdo con todo lo que contiene el mega decreto e incluso preferir\u00edan no tener que votarlo.<\/p>\n\n\n\n<p>De base hay algo que\u00a0<strong>Cornejo\u00a0<\/strong>tiene claro: en\u00a0Mendoza el 70% de la poblaci\u00f3n vot\u00f3 por\u00a0La Libertad Avanza. Pero adem\u00e1s de ello, el actual gobernador fue un pionero de la &#8220;motosierra&#8221; cuando en 2015 recort\u00f3 de 14 a 8 la cantidad de ministerios e hizo campa\u00f1a contra el peronismo cuestionando los &#8220;gastos improductivos&#8221; que ten\u00eda Francisco P\u00e9rez en su gesti\u00f3n. En parte, la &#8220;revoluci\u00f3n de lo sencillo&#8221; que plante\u00f3 Cornejo en su primer gobierno ten\u00eda que ver con la eficientizaci\u00f3n del Estado, la reducci\u00f3n de la planta de personal y la disminuci\u00f3n de la carga impositiva a la industria. No muy diferente a lo que pregona Milei.<\/p>\n\n\n\n<p>Cada vez que\u00a0<strong>Alfredo Cornejo\u00a0<\/strong>es consultado p\u00fablicamente respecto al gobierno nacional deja clara\u00a0su decisi\u00f3n de darle un marco de gobernabilidad al presidente que eligieron los argentinos.\u00a0<strong>Cornejo\u00a0<\/strong>respalda pero marcando distancias para no quedar herido si las cosas no salen como esperan en la quinta de Olivos.<\/p>\n\n\n\n<p>M\u00e1s all\u00e1 de esa especulaci\u00f3n -respeto la decisi\u00f3n de la mayor\u00eda, te apoyo pero si te va mal recuerda que no eras mi candidato- en privado tambi\u00e9n existen conversaciones entre Casa de Gobierno y la Casa Rosada. Como gobernador&nbsp;<strong>Alfredo Cornejo&nbsp;<\/strong>ha trabajado en sugerencias que, junto a otros gobernadores, han hecho llegar al despacho presidencial. Sobre todo cuestiones impositivas como la necesidad de restablecer el impuesto a las ganancias o las ventajas de coparticipar el impuesto al cheque.<\/p>\n\n\n\n<p>Pero tambi\u00e9n existen lazos que ya unen a&nbsp;<strong>Cornejo&nbsp;<\/strong>con la gesti\u00f3n de Javier Milei. El gobernador de Mendoza ha puesto a disposici\u00f3n a funcionarios provinciales para que integren el gabinete nacional. En parte ese es uno de los motivos por los que ha tardado tanto en dar a conocer a la ciudadan\u00eda su propio equipo de gobierno. Si N\u00e9stor Majul no hubiese sido convocado desde naci\u00f3n, por ejemplo, probablemente tendr\u00eda un lugar importante en el gobierno provincia.<\/p>\n\n\n\n<p>Pero tampoco hay que olvidar que, luego de las PASO provinciales, Alfredo Cornejo y Luis Petri estrecharon relaci\u00f3n en la campa\u00f1a y a\u00fan m\u00e1s de cara a las elecciones nacionales cuando fue compa\u00f1ero de f\u00f3rmula de Patricia Bullrich. Cornejo fue uno de los impulsores de la candidatura presidencial de Bullrich y hoy ambos (Patricia Bullrich y Luis Petri) son ministros en el gobierno de&nbsp;<strong>Javier Milei<\/strong>.<\/p>\n\n\n\n<p>Desde que decidi\u00f3 ser candidato a gobernador de Mendoza&nbsp;<strong>Alfredo Cornejo&nbsp;<\/strong>dej\u00f3 claro que, adem\u00e1s de dirigir la provincia, quiere influir en la pol\u00edtica nacional y eso es lo que est\u00e1 haciendo. Ese objetivo no hubiese cambiado si el resultado del balotaje hubiese sido diferente y est\u00e1 claro que est\u00e1 decidido a cumplirlo.<\/p>\n\n\n\n<p>Guardando distancia y con prudencia, se perfila como socio en este impulsivo arranque del presidente de la Naci\u00f3n. Por eso es que no deber\u00eda extra\u00f1arse nadie cuando se dice que desde Buenos Aires le piden el visto bueno a Cornejo antes de designar funcionarios nacionales en la provincia. El respeto, al parecer, es rec\u00edproco.\u00a0\u00a0<\/p>\n\n\n\n<p>FUENTE: Mdzonline.<\/p>\n","protected":false},"excerpt":{"rendered":"<p>Cada vez existen m\u00e1s vasos comunicantes entre el gobernador de Mendoza y el presidente de la Naci\u00f3n. Coinciden en el diagn\u00f3stico pero hay matices respecto a las soluciones Entre\u00a0Alfredo Cornejo\u00a0y\u00a0Javier\u00a0Milei\u00a0existen m\u00e1s coincidencias de las que muchos creen. Incluso, en Casa de Gobierno se comenta que con frecuencia hay comunicaciones telef\u00f3nicas entre ambos. Si bien tienen [&hellip;]<\/p>\n","protected":false},"author":2,"featured_media":4075,"comment_status":"open","ping_status":"open","sticky":true,"template":"","format":"standard","meta":[],"categories":[47],"tags":[],"_links":{"self":[{"href":"https:\/\/pasaenmendoza.com\/index.php?rest_route=\/wp\/v2\/posts\/4074"}],"collection":[{"href":"https:\/\/pasaenmendoza.com\/index.php?rest_route=\/wp\/v2\/posts"}],"about":[{"href":"https:\/\/pasaenmendoza.com\/index.php?rest_route=\/wp\/v2\/types\/post"}],"author":[{"embeddable":true,"href":"https:\/\/pasaenmendoza.com\/index.php?rest_route=\/wp\/v2\/users\/2"}],"replies":[{"embeddable":true,"href":"https:\/\/pasaenmendoza.com\/index.php?rest_route=%2Fwp%2Fv2%2Fcomments&post=4074"}],"version-history":[{"count":1,"href":"https:\/\/pasaenmendoza.com\/index.php?rest_route=\/wp\/v2\/posts\/4074\/revisions"}],"predecessor-version":[{"id":4077,"href":"https:\/\/pasaenmendoza.com\/index.php?rest_route=\/wp\/v2\/posts\/4074\/revisions\/4077"}],"wp:featuredmedia":[{"embeddable":true,"href":"https:\/\/pasaenmendoza.com\/index.php?rest_route=\/wp\/v2\/media\/4075"}],"wp:attachment":[{"href":"https:\/\/pasaenmendoza.com\/index.php?rest_route=%2Fwp%2Fv2%2Fmedia&parent=4074"}],"wp:term":[{"taxonomy":"category","embeddable":true,"href":"https:\/\/pasaenmendoza.com\/index.php?rest_route=%2Fwp%2Fv2%2Fcategories&post=4074"},{"taxonomy":"post_tag","embeddable":true,"href":"https:\/\/pasaenmendoza.com\/index.php?rest_route=%2Fwp%2Fv2%2Ftags&post=4074"}],"curies":[{"name":"wp","href":"https:\/\/api.w.org\/{rel}","templated":true}]}}