{"id":4078,"date":"2023-12-27T13:56:43","date_gmt":"2023-12-27T12:56:43","guid":{"rendered":"https:\/\/pasaenmendoza.com\/?p=4078"},"modified":"2023-12-27T13:57:17","modified_gmt":"2023-12-27T12:57:17","slug":"los-candidatos-a-intendentes-que-desembarcan-en-el-gabinete-de-cornejo","status":"publish","type":"post","link":"https:\/\/pasaenmendoza.com\/?p=4078","title":{"rendered":"Los candidatos a intendentes que desembarcan en el gabinete de Cornejo"},"content":{"rendered":"\n<p>Se trata de los aspirantes a las jefaturas comunales que perdieron las elecciones y que estar\u00e1n al frente de algunas de las direcciones de las carteras que todav\u00eda no han presentado sus gabinetes.<\/p>\n\n\n\n<p>Con tres de los siete ministerios confirmados,<strong>&nbsp;Alfredo Cornejo&nbsp;<\/strong>se encuentra enfocado en terminar de cerrar los gabinetes restantes. La intenci\u00f3n del gobernador es entregarles direcciones a los excandidatos a intendente de&nbsp;<strong>Cambia Mendoza<\/strong>&nbsp;que no resultaron ganadores en las \u00faltimas elecciones provinciales. Algunos dirigentes de CM ya cuentan con cargos en poder Ejecutivo como en el Legislativo.<\/p>\n\n\n\n<p>En los comicios provinciales, Cambia Mendoza se impuso en 8 de los 18 departamentos. En su balance electoral cuenta con la imponente victoria de<strong>&nbsp;Francisco Lo Presti<\/strong>&nbsp;en Las Heras y con las derrotas de<strong>&nbsp;Juan Manuel Ojeda<\/strong>&nbsp;y de&nbsp;<strong>Mauricio Di Cesare<\/strong>&nbsp;en Malarg\u00fce y Rivadavia, respectivamente.<\/p>\n\n\n\n<p>A su vez, con la salida de una gran parte de dirigentes a La Uni\u00f3n Mendocina, el oficialismo provincial perdi\u00f3 los municipios de Luj\u00e1n de Cuyo y de San Carlos, este \u00faltimo por apenas 490 votos.<\/p>\n\n\n\n<p>De esta manera, Cornejo cuenta con los municipios de Ciudad, Godoy Cruz, Las Heras, Guaymall\u00e9n, Tupungato, Jun\u00edn, San Mart\u00edn y General Alvear.<\/p>\n\n\n\n<p>Mientras que los municipios que est\u00e1n en mano de la oposici\u00f3n son Lavalle, Maip\u00fa, La Paz, Santa Rosa, Tunuy\u00e1n, San Rafael y Malarg\u00fce bajo el mando peronista. Mientras que&nbsp;<strong>La Uni\u00f3n Mendocina<\/strong>&nbsp;cuenta con Luj\u00e1n de Cuyo y San Carlos. Y el partido departamental, Sembrar, gobierna Rivadavia.<\/p>\n\n\n\n<h2 class=\"wp-block-heading\" id=\"h-de-la-candidatura-a-los-ministerios\">De la candidatura a los ministerios<\/h2>\n\n\n\n<p>La intenci\u00f3n de Cornejo es que los excandidatos de CM que perdieron y est\u00e9n libres de cargos ocupen alguna direcci\u00f3n de los ministerios o de los entes aut\u00e1rquicos que todav\u00eda no han presentado sus gabinetes. Estos son Energ\u00eda y Ambiente, Seguridad y Justicia, Producci\u00f3n y, por \u00faltimo, Hacienda. Como tambi\u00e9n, el Emetur y PROMendoza.<\/p>\n\n\n\n<p>Algunos dirigentes que pelearon por una comuna ya cuentan con responsabilidades gubernamentales como&nbsp;<strong>Natalio Mema<\/strong>&nbsp;(Luj\u00e1n) que es el ministro de Gobierno, Infraestructura y Desarrollo Territorial o&nbsp;<strong>Lucas Luppo<\/strong>&nbsp;(Lavalle) que continuar\u00e1 al frente de la Direcci\u00f3n Provincial de Adultos Mayores de Mendoza perteneciente al Ministerio de Salud y Deportes.<\/p>\n\n\n\n<p>En el \u00e1mbito legislativo se encuentran&nbsp;<strong>Luis L\u00f3pez<\/strong>&nbsp;como concejal de Tunuy\u00e1n, el sanrafaelino&nbsp;<strong>Abel Freidemberg<\/strong>, que sigue en el Senado provincial. Mientras que&nbsp;<strong>Mauricio Di Cesare,<\/strong>&nbsp;que perdi\u00f3 la elecci\u00f3n con Ricardo Mansur en Rivadavia, es Diputado provincial.<\/p>\n\n\n\n<p>De esta manera quedan cinco dirigentes libres que aspiraron a estar al frente de una comuna y no pudieron conseguirlo. Entre ellos aparecen\u00a0<strong>Mauricio Pinti<\/strong>\u00a0(Maip\u00fa),\u00a0<strong>Ramiro Blanco\u00a0<\/strong>(La Paz),\u00a0<strong>Leonardo Fern\u00e1ndez<\/strong>\u00a0(Santa Rosa),\u00a0<strong>Silvio Pannochia<\/strong>\u00a0(San Carlos) y\u00a0<strong>Juan Manuel Ojeda<\/strong>\u00a0(Malarg\u00fce).<\/p>\n\n\n\n<p>Ya de lleno con el resto de los dirigentes de Cambia Mendoza,\u00a0<strong>Mauricio Pinti Clop<\/strong>\u00a0estar\u00e1 al frente de unas de las direcciones \u201cimportantes\u201d del Ministerio de Producci\u00f3n. El expresidente del Concejo Deliberante de Maip\u00fa es economista y ya cuenta con experiencia en el Ejecutivo cuando estuvo en el\u00a0\u00c1rea de Juventud de la Provincia durante el primer mandato de Cornejo.<\/p>\n\n\n\n<p>Otro candidato a intendente que desembarcar\u00eda a la cartera que tiene a cargo\u00a0<strong>Rodolfo Vargas Arizu<\/strong>\u00a0es\u00a0<strong>Silvio Pannochia<\/strong>. Compiti\u00f3 por la intendencia de San Carlos y la perdi\u00f3 por apenas 490 votos. Pannochia fue Director de Producci\u00f3n e Industria del municipio del Valle de Uco previo a la salida de Jorge Difonso de Cambia Mendoza para irse a La Uni\u00f3n Mendocina.<\/p>\n\n\n\n<p><strong>Leonardo Fern\u00e1ndez<\/strong>\u00a0aspir\u00f3 a meter un \u201cbatacazo\u201d electoral en Santa Rosa pero fue superado por\u00a0<strong>Florencia Dest\u00e9fanis\u00a0<\/strong>que logr\u00f3 su reelecci\u00f3n. El joven dirigente de 33 a\u00f1os, que proviene del MID, es licenciado en Calidad del Medio Ambiente e Higiene y Seguridad y suena para ocupar una de las direcciones del Ministerio de Ambiente y Energ\u00eda de Jimena Latorre.<\/p>\n\n\n\n<p>Por \u00faltimo aparece\u00a0<strong>Ramiro Blanco.<\/strong>\u00a0El pace\u00f1o fue superado por casi 2.000 votos por\u00a0<strong>Fernando Ubieta<\/strong>\u00a0en La Paz. El dirigente radical es un outsider de la pol\u00edtica ya que en su pasado trabaj\u00f3 como alba\u00f1il y como director t\u00e9cnico de f\u00fatbol. Desde CM consideran que por su militancia social podr\u00eda recalar en alg\u00fan programa de la cartera de Producci\u00f3n.<\/p>\n\n\n\n<p>FUENTE: elsol.com.ar <\/p>\n","protected":false},"excerpt":{"rendered":"<p>Se trata de los aspirantes a las jefaturas comunales que perdieron las elecciones y que estar\u00e1n al frente de algunas de las direcciones de las carteras que todav\u00eda no han presentado sus gabinetes. Con tres de los siete ministerios confirmados,&nbsp;Alfredo Cornejo&nbsp;se encuentra enfocado en terminar de cerrar los gabinetes restantes. La intenci\u00f3n del gobernador es [&hellip;]<\/p>\n","protected":false},"author":2,"featured_media":4080,"comment_status":"open","ping_status":"open","sticky":true,"template":"","format":"standard","meta":[],"categories":[47],"tags":[],"_links":{"self":[{"href":"https:\/\/pasaenmendoza.com\/index.php?rest_route=\/wp\/v2\/posts\/4078"}],"collection":[{"href":"https:\/\/pasaenmendoza.com\/index.php?rest_route=\/wp\/v2\/posts"}],"about":[{"href":"https:\/\/pasaenmendoza.com\/index.php?rest_route=\/wp\/v2\/types\/post"}],"author":[{"embeddable":true,"href":"https:\/\/pasaenmendoza.com\/index.php?rest_route=\/wp\/v2\/users\/2"}],"replies":[{"embeddable":true,"href":"https:\/\/pasaenmendoza.com\/index.php?rest_route=%2Fwp%2Fv2%2Fcomments&post=4078"}],"version-history":[{"count":1,"href":"https:\/\/pasaenmendoza.com\/index.php?rest_route=\/wp\/v2\/posts\/4078\/revisions"}],"predecessor-version":[{"id":4081,"href":"https:\/\/pasaenmendoza.com\/index.php?rest_route=\/wp\/v2\/posts\/4078\/revisions\/4081"}],"wp:featuredmedia":[{"embeddable":true,"href":"https:\/\/pasaenmendoza.com\/index.php?rest_route=\/wp\/v2\/media\/4080"}],"wp:attachment":[{"href":"https:\/\/pasaenmendoza.com\/index.php?rest_route=%2Fwp%2Fv2%2Fmedia&parent=4078"}],"wp:term":[{"taxonomy":"category","embeddable":true,"href":"https:\/\/pasaenmendoza.com\/index.php?rest_route=%2Fwp%2Fv2%2Fcategories&post=4078"},{"taxonomy":"post_tag","embeddable":true,"href":"https:\/\/pasaenmendoza.com\/index.php?rest_route=%2Fwp%2Fv2%2Ftags&post=4078"}],"curies":[{"name":"wp","href":"https:\/\/api.w.org\/{rel}","templated":true}]}}