{"id":4079,"date":"2023-12-27T13:59:26","date_gmt":"2023-12-27T12:59:26","guid":{"rendered":"https:\/\/pasaenmendoza.com\/?p=4079"},"modified":"2023-12-27T13:59:28","modified_gmt":"2023-12-27T12:59:28","slug":"el-tiempo-en-mendoza-miercoles-muy-caluroso-con-alerta-por-tormentas","status":"publish","type":"post","link":"https:\/\/pasaenmendoza.com\/?p=4079","title":{"rendered":"El tiempo en Mendoza: mi\u00e9rcoles muy caluroso, con alerta por tormentas"},"content":{"rendered":"\n<p>Este&nbsp;<strong>mi\u00e9rcoles<\/strong>&nbsp;se presenta en el Gran Mendoza muy caluroso, con nubosidad variable y vientos moderados del noreste.&nbsp;<mark>La m\u00ednima ser\u00e1 de 21 grados y la m\u00e1xima de 37.<\/mark><\/p>\n\n\n\n<p>Adem\u00e1s, el\u00a0<strong>Servicio Meteorol\u00f3gico Nacional (SMN)<\/strong>\u00a0emiti\u00f3 un\u00a0<mark>alerta amarilla por tormentas aisladas<\/mark>, con posible ca\u00edda de granizo. El fen\u00f3meno se registrar\u00e1 hacia la tarde-noche y se presentar\u00e1 en Las Heras, La Paz, Lavalle, San Mart\u00edn, Santa Rosa, General Alvear y San Rafael.<\/p>\n\n\n\n<p>Para el<strong>\u00a0jueves<\/strong>, la\u00a0<strong>Direcci\u00f3n de Contingencias Clim\u00e1ticas<\/strong>\u00a0anuncia: \u201cCielo parcialmente nublado con descenso de la temperatura, vientos moderados del este. Tormentas aisladas\u201d.\u00a0<mark>La m\u00ednima ser\u00e1 de 20 grados y la m\u00e1xima de 32.<\/mark><\/p>\n\n\n\n<p>El<strong>\u00a0viernes<\/strong>\u00a0estar\u00e1 con cielo parcialmente nublado con poco cambio de la temperatura, vientos moderados del este.\u00a0<mark>La m\u00ednima ser\u00e1 de 18 grados y la m\u00e1xima de 33.<\/mark><\/p>\n\n\n\n<p><strong>La situaci\u00f3n en alta monta\u00f1a<\/strong><\/p>\n\n\n\n<p>El&nbsp;<strong>Sistema Integrado Cristo Redentor&nbsp;<\/strong>se encuentra&nbsp;<mark>habilitado<\/mark>&nbsp;para todo tipo de veh\u00edculos, durante las 24 horas.<\/p>\n\n\n\n<p>El\u00a0<strong>paso Pehuenche<\/strong>\u00a0est\u00e1\u00a0<mark>transitable,<\/mark>\u00a0de 9 a 19.<\/p>\n\n\n\n<p><strong>Fuente: www.elsol.com.ar<\/strong><\/p>\n","protected":false},"excerpt":{"rendered":"<p>Este&nbsp;mi\u00e9rcoles&nbsp;se presenta en el Gran Mendoza muy caluroso, con nubosidad variable y vientos moderados del noreste.&nbsp;La m\u00ednima ser\u00e1 de 21 grados y la m\u00e1xima de 37. Adem\u00e1s, el\u00a0Servicio Meteorol\u00f3gico Nacional (SMN)\u00a0emiti\u00f3 un\u00a0alerta amarilla por tormentas aisladas, con posible ca\u00edda de granizo. El fen\u00f3meno se registrar\u00e1 hacia la tarde-noche y se presentar\u00e1 en Las Heras, La [&hellip;]<\/p>\n","protected":false},"author":2,"featured_media":4083,"comment_status":"open","ping_status":"open","sticky":false,"template":"","format":"standard","meta":[],"categories":[52],"tags":[],"_links":{"self":[{"href":"https:\/\/pasaenmendoza.com\/index.php?rest_route=\/wp\/v2\/posts\/4079"}],"collection":[{"href":"https:\/\/pasaenmendoza.com\/index.php?rest_route=\/wp\/v2\/posts"}],"about":[{"href":"https:\/\/pasaenmendoza.com\/index.php?rest_route=\/wp\/v2\/types\/post"}],"author":[{"embeddable":true,"href":"https:\/\/pasaenmendoza.com\/index.php?rest_route=\/wp\/v2\/users\/2"}],"replies":[{"embeddable":true,"href":"https:\/\/pasaenmendoza.com\/index.php?rest_route=%2Fwp%2Fv2%2Fcomments&post=4079"}],"version-history":[{"count":1,"href":"https:\/\/pasaenmendoza.com\/index.php?rest_route=\/wp\/v2\/posts\/4079\/revisions"}],"predecessor-version":[{"id":4084,"href":"https:\/\/pasaenmendoza.com\/index.php?rest_route=\/wp\/v2\/posts\/4079\/revisions\/4084"}],"wp:featuredmedia":[{"embeddable":true,"href":"https:\/\/pasaenmendoza.com\/index.php?rest_route=\/wp\/v2\/media\/4083"}],"wp:attachment":[{"href":"https:\/\/pasaenmendoza.com\/index.php?rest_route=%2Fwp%2Fv2%2Fmedia&parent=4079"}],"wp:term":[{"taxonomy":"category","embeddable":true,"href":"https:\/\/pasaenmendoza.com\/index.php?rest_route=%2Fwp%2Fv2%2Fcategories&post=4079"},{"taxonomy":"post_tag","embeddable":true,"href":"https:\/\/pasaenmendoza.com\/index.php?rest_route=%2Fwp%2Fv2%2Ftags&post=4079"}],"curies":[{"name":"wp","href":"https:\/\/api.w.org\/{rel}","templated":true}]}}