{"id":4082,"date":"2023-12-27T14:11:28","date_gmt":"2023-12-27T13:11:28","guid":{"rendered":"https:\/\/pasaenmendoza.com\/?p=4082"},"modified":"2023-12-27T14:45:15","modified_gmt":"2023-12-27T13:45:15","slug":"se-viene-una-limpieza-de-contratos-en-las-heras","status":"publish","type":"post","link":"https:\/\/pasaenmendoza.com\/?p=4082","title":{"rendered":"Se viene una limpieza de contratos en Las Heras"},"content":{"rendered":"\n<p>El proceso pol\u00edtico mendocino se reconfigura con las necesidades y las prioridades de este tiempo de revisi\u00f3n continua de la actuaci\u00f3n de la dirigencia pol\u00edtica y el manejo del Estado en esta era que representa la presidencia de\u00a0<strong>Javier Milei<\/strong>.<\/p>\n\n\n\n<p>El \u00e9xodo de concejales que llegaron al cuerpo deliberativo de Las Heras a trav\u00e9s de La Uni\u00f3n Mendocina (LUM) detr\u00e1s de la figura de Daniel Orozco, ex intendente y ex candidato a vicegobernador en la f\u00f3rmula provincial junto a Omar\u00a0De Marchi\u00a0en las \u00faltimas elecciones que termin\u00f3 ganado el actual gobernador\u00a0Alfredo Cornejo.<\/p>\n\n\n\n<p>La nueva gesti\u00f3n municipal encabezada por el radical\u00a0<strong>Francisco Lo Presti\u00a0<\/strong>en el departamento norte\u00f1o se consolid\u00f3 con la suma de los seis concejales de LUM al frente Cambia Mendoza dominado por el radicalismo.\u00a0 Con esta nueva configuraci\u00f3n el oficialismo tiene mayor\u00eda propia en el \u00f3rgano legislativo municipal lo que le garantiza al intendente un a\u00f1o de gesti\u00f3n cumpliendo los proyectos pol\u00edticos en un contexto que se presupone muy dif\u00edcil para el pa\u00eds.<\/p>\n\n\n\n<p>En el programa &#8220;Jornada de #6a7&#8221;, que se emite de lunes a viernes a las 6am por Radio Jornada la concejala Laura Fern\u00e1ndez que fue primera en la lista de LUM y Mart\u00edn Bustos, el ex candidato a intendente promovido por De Marchi y Orozco, explicaron la migraci\u00f3n transparentada ayer martes 26.<\/p>\n\n\n\n<p>Tanto Fern\u00e1ndez como Bustos coincidieron en el sentimiento de frustraci\u00f3n que les produjo la actitud del ex intendente que&nbsp;<strong>se cerr\u00f3<\/strong>&nbsp;en su circulo m\u00e1s cercano y se not\u00f3 la influencia de la ahora<strong>&nbsp;esposa de Orozco, Janina Ortiz<\/strong>. Ella ahora es diputada provincial por LUM, pero sin fueros a pedido de dos fiscales que la investigan en dos causas penales (cooperativas truchas y coacci\u00f3n a una empleada).&nbsp;<\/p>\n\n\n\n<p>El detonante de la migraci\u00f3n de ediles a CM se fue dando por el nivel de descontrol estatal que se advirti\u00f3 y por la falta de fondos y recursos para atender los servicios b\u00e1sicos del municipio y eso se not\u00f3 en especial en la emergencia que se dio por los efectos del&nbsp;<strong>viento zonda<\/strong>&nbsp;de octubre pasasdo, coincidieron Bustos y Fern\u00e1ndez. Y en t\u00e9rminos pol\u00edticos tambi\u00e9n hicieron notar&nbsp;<strong>el ninguneo de De Marchi&nbsp;<\/strong>al caso lasherino, una actitud, que al decir del mismo Lo Presti es&nbsp; propio de alguien que siempre menoscab\u00f3 al departamento norte\u00f1o.&nbsp;<\/p>\n\n\n\n<p>Tambi\u00e9n cada quien en su momento, aceptaron que se acerca la medida de restricci\u00f3n de Lo Presti en materia de personal. En los \u00e1mbitos municipales ya saben que se caer\u00e1n 651 contratos de locaci\u00f3n&nbsp;<\/p>\n\n\n\n<p>La escoba&nbsp; de Lo Presti<\/p>\n\n\n\n<p>Entonces en este escenario de transformaciones a la vista est\u00e1 un hito que se cumplir\u00e1 en cinco d\u00edas, el domingo 31. Ese d\u00eda finalizar\u00e1n los contratos de locaci\u00f3n de servicio en la comuna y dentro del elenco del gabinete de Lo Presti que el inicio de a\u00f1o no ser\u00e1n renovados 651 contratos que fueron otorgados en el \u00faltimo semestre de la gesti\u00f3n de Orozco.<\/p>\n\n\n\n<p>Las fuentes municipales confirmaron esta decisi\u00f3n del intendente de hacer pasar el filtro legal establecido en el presupuesto lasherino para 2024 aprobado por el Concejo Deliberante. Ah\u00ed se establece que se deben ajustar las designaciones a los requerimientos de la Ley de Responsabilidad Fiscal que fija que la administraci\u00f3n no puede contratar en los \u00faltimos seis meses de gesti\u00f3n.<\/p>\n\n\n\n<p>Sobre 700 contratos de locaci\u00f3n 651 fueron definidos desde julio en adelante de este a\u00f1o y se\u00f1alan que fue Ortiz quien les puso la firma a esas contrataciones o dio el aval siendo entonces secretaria de Gobierno del municipio.&nbsp;<\/p>\n\n\n\n<p>Para entender la situaci\u00f3n y justificar la decisi\u00f3n de no renovar las locaciones en la comuna en el entorno del intendente sacan cuentas. En Las Heras hay 4300 empleados para atender 220 mil habitantes, es decir, una proporci\u00f3n de&nbsp;<strong>un empleado cada 51 habitantes<\/strong>, mientras que en Godoy Cruz, &#8220;una comuna ordenada y con una misma cantidad de personas para atender como en Las Heras&#8221;, advierten que entre contratados y efectivos hay 1770 personas empleadas. Es decir un empleado por cada 124 habitantes.<\/p>\n\n\n\n<p>FUENTE: Mendozapost.<\/p>\n\n\n\n<p><\/p>\n","protected":false},"excerpt":{"rendered":"<p>El proceso pol\u00edtico mendocino se reconfigura con las necesidades y las prioridades de este tiempo de revisi\u00f3n continua de la actuaci\u00f3n de la dirigencia pol\u00edtica y el manejo del Estado en esta era que representa la presidencia de\u00a0Javier Milei. El \u00e9xodo de concejales que llegaron al cuerpo deliberativo de Las Heras a trav\u00e9s de La [&hellip;]<\/p>\n","protected":false},"author":2,"featured_media":3767,"comment_status":"open","ping_status":"open","sticky":true,"template":"","format":"standard","meta":[],"categories":[47],"tags":[],"_links":{"self":[{"href":"https:\/\/pasaenmendoza.com\/index.php?rest_route=\/wp\/v2\/posts\/4082"}],"collection":[{"href":"https:\/\/pasaenmendoza.com\/index.php?rest_route=\/wp\/v2\/posts"}],"about":[{"href":"https:\/\/pasaenmendoza.com\/index.php?rest_route=\/wp\/v2\/types\/post"}],"author":[{"embeddable":true,"href":"https:\/\/pasaenmendoza.com\/index.php?rest_route=\/wp\/v2\/users\/2"}],"replies":[{"embeddable":true,"href":"https:\/\/pasaenmendoza.com\/index.php?rest_route=%2Fwp%2Fv2%2Fcomments&post=4082"}],"version-history":[{"count":2,"href":"https:\/\/pasaenmendoza.com\/index.php?rest_route=\/wp\/v2\/posts\/4082\/revisions"}],"predecessor-version":[{"id":4110,"href":"https:\/\/pasaenmendoza.com\/index.php?rest_route=\/wp\/v2\/posts\/4082\/revisions\/4110"}],"wp:featuredmedia":[{"embeddable":true,"href":"https:\/\/pasaenmendoza.com\/index.php?rest_route=\/wp\/v2\/media\/3767"}],"wp:attachment":[{"href":"https:\/\/pasaenmendoza.com\/index.php?rest_route=%2Fwp%2Fv2%2Fmedia&parent=4082"}],"wp:term":[{"taxonomy":"category","embeddable":true,"href":"https:\/\/pasaenmendoza.com\/index.php?rest_route=%2Fwp%2Fv2%2Fcategories&post=4082"},{"taxonomy":"post_tag","embeddable":true,"href":"https:\/\/pasaenmendoza.com\/index.php?rest_route=%2Fwp%2Fv2%2Ftags&post=4082"}],"curies":[{"name":"wp","href":"https:\/\/api.w.org\/{rel}","templated":true}]}}