{"id":4085,"date":"2023-12-27T14:03:23","date_gmt":"2023-12-27T13:03:23","guid":{"rendered":"https:\/\/pasaenmendoza.com\/?p=4085"},"modified":"2023-12-27T14:03:25","modified_gmt":"2023-12-27T13:03:25","slug":"llaman-a-que-se-entregue-el-autor-del-disparo-que-mato-a-la-joven-disenadora-en-godoy-cruz","status":"publish","type":"post","link":"https:\/\/pasaenmendoza.com\/?p=4085","title":{"rendered":"Llaman a que se entregue el autor del disparo que mat\u00f3 a la joven dise\u00f1adora en Godoy Cruz"},"content":{"rendered":"\n<p>La vida de<strong>&nbsp;Mariana Dom\u00ednguez<\/strong>&nbsp;se desvaneci\u00f3 de manera inesperada y en cuesti\u00f3n de segundos cuando una bala perdida le impact\u00f3 en la cabeza mientras celebraba la&nbsp;<strong>Navidad&nbsp;<\/strong>la madrugada del lunes junto a su familia en su casa del&nbsp;<strong>barrio City Father&nbsp;<\/strong>de&nbsp;<strong>Villa Hip\u00f3dromo<\/strong>,&nbsp;<strong>Godoy Cruz<\/strong>.<\/p>\n\n\n\n<p>La chica qued\u00f3 internada con muerte cerebral en el<strong>\u00a0Hospital Central<\/strong>, pero durante la tarde de esa jornada los m\u00e9dicos de ese nosocomio confirmaron su deceso. Previo a eso, la causa ya hab\u00eda comenzado a investigarse como un crimen por el fiscal de Homicidios\u00a0<strong>Gustavo Pirrello\u00a0<\/strong>y su equipo de trabajo.<\/p>\n\n\n\n<p>Mientras los detectives buscan alguna prueba o indicio que pueda conducirlos al autor del disparo que le mat\u00f3 a la joven que se desempe\u00f1aba como dise\u00f1adora gr\u00e1fica freelance,\u00a0<mark>familiares, amigos y vecinos exigieron que el responsable se entregue y se ponga a disposici\u00f3n de<\/mark>l Ministerio P\u00fablico, que instruye la causa como homicidio doloso.<\/p>\n\n\n\n<p>A trav\u00e9s de diversos posteos que hicieron los allegados a Dom\u00ednguez,&nbsp;<mark>buscan testigos que hayan visto a alg\u00fan sujeto efectuando disparos en ese sector godoicruce\u00f1o<\/mark>, comprendido entre calles&nbsp;<strong>Picheuta<\/strong>,&nbsp;<strong>Paso de los Andes<\/strong>,&nbsp;<strong>Renato Della Santa<\/strong>,&nbsp;<strong>Derqui&nbsp;<\/strong>y alrededores.<\/p>\n\n\n\n<p><em>\u201cPueden ayudar difundiendo para que lleguemos a quien hizo esto, se le ablande el coraz\u00f3n y se entregue o a cualquiera que pueda encontrar a esta persona\u201d<\/em>, se\u00f1ala una de las publicaciones.<\/p>\n\n\n\n<p><em>\u201cHablen manga de hdp encubridores!! No creo que haya estado solo festejando navidad.. si no se entrega el..que lo entregue la familia (sic)\u201d<\/em>, coment\u00f3 una vecina en un grupo vecina de Villa Hip\u00f3dromo en&nbsp;<strong>Facebook<\/strong>.<\/p>\n\n\n\n<p>Por el momento, los pesquisas que trabajan el expediente aguardan por un peritaje clave que podr\u00eda encaminar la investigaci\u00f3n:&nbsp;<mark>el an\u00e1lisis de bal\u00edstica al plomo que se aloj\u00f3 en cr\u00e1neo de la v\u00edctima<\/mark>.<\/p>\n\n\n\n<p>La hip\u00f3tesis es que ese proyectil atraves\u00f3 una tela media sombra ubicada en el patio de la familia Dom\u00ednguez, ya que all\u00ed divisaron un orificio durante la primera inspecci\u00f3n practicada en la escena.<\/p>\n\n\n\n<p>La bala le dio la nuca a la muchacha y le provoc\u00f3 un da\u00f1o irreversible, por lo que falleci\u00f3 a las pocas horas, enlutando a su familia y toda la comunidad del City Father, que ahora pide Justicia por Mariana.<\/p>\n\n\n\n<p><strong>Dram\u00e1tico<\/strong><\/p>\n\n\n\n<p>Fue minutos antes de las 2 de la madrugada navide\u00f1a cuando Dom\u00ednguez ingres\u00f3 a la guardia del&nbsp;<strong>Hospital El Carmen&nbsp;<\/strong>trasladada desde su casa de calle Picheuta al 800.<\/p>\n\n\n\n<p>Los familiares relataron a los polic\u00edas que estaban disfrutando la cena y cuando la joven\u00a0<mark>se levant\u00f3 a buscar agua, se desvaneci\u00f3 sorpresivamente y comenz\u00f3 a perder sangre por la nariz y los o\u00eddos<\/mark>.<\/p>\n\n\n\n<p>Acto seguido, fue revisada por una m\u00e9dica de la guardia, quien advirti\u00f3 que presentaba una herida de arma de fuego en la cabeza, por lo que orden\u00f3 que sea derivada en una ambulancia del\u00a0<strong>Servicio de Emergencias Coordinado<\/strong>\u00a0(<strong>SEC<\/strong>) al mencionado nosocomio de calle Alem de Ciudad.<\/p>\n\n\n\n<p>Una vez all\u00ed, qued\u00f3 internada en la Unidad de Terapia Intensiva y fue diagnosticada como\u00a0<mark>herida de arma de fuego con orificio de entrada sin salida en occipital izquierdo, parte posterior, con el proyectil alojado en el cr\u00e1neo que le provoc\u00f3 muerte cerebral<\/mark>.<\/p>\n\n\n\n<p>En paralelo, el fiscal Pirrello tom\u00f3 conocimiento de la situaci\u00f3n y personal de la&nbsp;<strong>Divisi\u00f3n Homicidios&nbsp;<\/strong>y de la&nbsp;<strong>Polic\u00eda Cient\u00edfica<\/strong>&nbsp;se traslad\u00f3 hasta la escena para iniciar las labores poscrimen.<\/p>\n\n\n\n<p>Horas m\u00e1s tarde, a las 13.54 el cuerpo de Dom\u00ednguez ya no resisti\u00f3 y los profesionales de la salud terminaron por confirmar que hab\u00eda fallecido.<\/p>\n\n\n\n<p><strong>Fuente: www.elsol.com.ar<\/strong><\/p>\n","protected":false},"excerpt":{"rendered":"<p>La vida de&nbsp;Mariana Dom\u00ednguez&nbsp;se desvaneci\u00f3 de manera inesperada y en cuesti\u00f3n de segundos cuando una bala perdida le impact\u00f3 en la cabeza mientras celebraba la&nbsp;Navidad&nbsp;la madrugada del lunes junto a su familia en su casa del&nbsp;barrio City Father&nbsp;de&nbsp;Villa Hip\u00f3dromo,&nbsp;Godoy Cruz. La chica qued\u00f3 internada con muerte cerebral en el\u00a0Hospital Central, pero durante la tarde de [&hellip;]<\/p>\n","protected":false},"author":2,"featured_media":4086,"comment_status":"open","ping_status":"open","sticky":false,"template":"","format":"standard","meta":[],"categories":[48],"tags":[],"_links":{"self":[{"href":"https:\/\/pasaenmendoza.com\/index.php?rest_route=\/wp\/v2\/posts\/4085"}],"collection":[{"href":"https:\/\/pasaenmendoza.com\/index.php?rest_route=\/wp\/v2\/posts"}],"about":[{"href":"https:\/\/pasaenmendoza.com\/index.php?rest_route=\/wp\/v2\/types\/post"}],"author":[{"embeddable":true,"href":"https:\/\/pasaenmendoza.com\/index.php?rest_route=\/wp\/v2\/users\/2"}],"replies":[{"embeddable":true,"href":"https:\/\/pasaenmendoza.com\/index.php?rest_route=%2Fwp%2Fv2%2Fcomments&post=4085"}],"version-history":[{"count":1,"href":"https:\/\/pasaenmendoza.com\/index.php?rest_route=\/wp\/v2\/posts\/4085\/revisions"}],"predecessor-version":[{"id":4087,"href":"https:\/\/pasaenmendoza.com\/index.php?rest_route=\/wp\/v2\/posts\/4085\/revisions\/4087"}],"wp:featuredmedia":[{"embeddable":true,"href":"https:\/\/pasaenmendoza.com\/index.php?rest_route=\/wp\/v2\/media\/4086"}],"wp:attachment":[{"href":"https:\/\/pasaenmendoza.com\/index.php?rest_route=%2Fwp%2Fv2%2Fmedia&parent=4085"}],"wp:term":[{"taxonomy":"category","embeddable":true,"href":"https:\/\/pasaenmendoza.com\/index.php?rest_route=%2Fwp%2Fv2%2Fcategories&post=4085"},{"taxonomy":"post_tag","embeddable":true,"href":"https:\/\/pasaenmendoza.com\/index.php?rest_route=%2Fwp%2Fv2%2Ftags&post=4085"}],"curies":[{"name":"wp","href":"https:\/\/api.w.org\/{rel}","templated":true}]}}