{"id":4094,"date":"2023-12-27T14:23:43","date_gmt":"2023-12-27T13:23:43","guid":{"rendered":"https:\/\/pasaenmendoza.com\/?p=4094"},"modified":"2023-12-27T14:23:45","modified_gmt":"2023-12-27T13:23:45","slug":"marijuan-ya-tiene-datos-para-investigar-a-97-mil-estatales-mendocinos-por-el-potenciar-trabajo","status":"publish","type":"post","link":"https:\/\/pasaenmendoza.com\/?p=4094","title":{"rendered":"Mariju\u00e1n ya tiene datos para investigar a 97 mil estatales mendocinos por el Potenciar Trabajo"},"content":{"rendered":"\n<p>El fiscal federal descubri\u00f3 que m\u00e1s de 8.500 empleados de 10 provincias cobran el plan, lo que es incompatible. Mendoza no entr\u00f3 en el listado porque brind\u00f3 la n\u00f3mina de estatales con demora. Desde el Gobierno explicaron que hubo dificultades en la carga<\/p>\n\n\n\n<p>El Gobierno de Mendoza qued\u00f3 por un momento en el ojo de la tormenta despu\u00e9s de que la\u00a0<strong>investigaci\u00f3n del fiscal federal Guillermo Mariju\u00e1n revelara que era una de las 14 jurisdicciones que no hab\u00eda presentado la base de datos de sus empleados para que fueran cotejados con la del\u00a0Potenciar Trabajo<\/strong>\u00a0y as\u00ed descubrir si hay o no irregularidades entre los beneficiarios del plan social.<\/p>\n\n\n\n<p><strong>Mariju\u00e1n hizo la denuncia el 8 de noviembre<\/strong>\u00a0con el &#8220;objeto de verificar la posible existencia de incompatibilidades&#8221;, es decir, con intenci\u00f3n de averiguar si entre empleados de las provincias y de la Ciudad de Buenos Aires hay &#8220;beneficiarios del Programa Nacional de Inclusi\u00f3n Socioproductiva y Desarrollo Local Potenciar Trabajo&#8221;.<\/p>\n\n\n\n<p>Para ello se pidi\u00f3 a las 24 jurisdicciones que presentasen la n\u00f3mina de empleados estatales. Diez de ellas lo hicieron a t\u00e9rmino, seg\u00fan la denuncia de Mariju\u00e1n, pero otras 14, entre las que est\u00e1 Mendoza, no.<\/p>\n\n\n\n<p>Ante la consulta de\u00a0<em>Diario UNO<\/em>,\u00a0<strong>el Gobierno provincial inform\u00f3 que la base de datos fue suministrada &#8220;la semana pasada&#8221; por la dificultad en la carga en el sistema nacional<\/strong>.<\/p>\n\n\n\n<h2 class=\"wp-block-heading\">Mariju\u00e1n descubri\u00f3 que m\u00e1s de 8.500 estatales cobran Potenciar Trabajo<\/h2>\n\n\n\n<p>El sitio Infobae anticip\u00f3 la informaci\u00f3n el lunes. La misma da cuenta que&nbsp;<strong>el fiscal federal Guillermo Marijuan, titular de la Unidad Fiscal para la Investigaci\u00f3n de Delitos relativos a la Seguridad Social, logr\u00f3 acreditar que al menos 8.535 empleados de 10 provincias son beneficiarios del programa Potenciar Trabajo<\/strong>, un hecho que resulta incompatible.<\/p>\n\n\n\n<p>En su denuncia acusa a estas personas de &#8220;la realizaci\u00f3n de&nbsp;<strong>presuntas maniobras il\u00edcitas&nbsp;<\/strong>que podr\u00edan encontrar adecuaci\u00f3n t\u00edpica en el delito de defraudaci\u00f3n contra la Administraci\u00f3n P\u00fablica&#8221;.<\/p>\n\n\n\n<p>La investigaci\u00f3n abarca tambi\u00e9n a los funcionarios nacionales y provinciales que con &#8220;sus acciones u omisiones han permitido o facilitado la comisi\u00f3n de estos fraudes contra el Estado Nacional, conductas que, en principio, encuadrar\u00edan en el delito de&nbsp;<strong>violaci\u00f3n de los deberes de funcionario p\u00fablico<\/strong>&#8220;.<\/p>\n\n\n\n<p>Esta investigaci\u00f3n preliminar iniciada en Buenos Aires y caratulada como&nbsp;<strong>&#8220;caso Coir\u00f3n N\u00ba 234746\/2023&#8221;<\/strong>&nbsp;ya fue remitida a los fiscales federales de turno de esas diez provincias que brindaron la informaci\u00f3n solicitada, con la n\u00f3mina de los empleados en falta.<\/p>\n\n\n\n<p>A ellos solicit\u00f3 &#8220;requerir que, una vez impulsada la acci\u00f3n penal,&nbsp;<strong>se proceda a ordenar al \u00e1rea del Ministerio de Capital Humano&nbsp;<\/strong>que actualmente gestiona el Programa Potenciar Trabajo que&nbsp;<strong>suspenda los planes involucrados<\/strong>, sin perjuicio de un reempadronamiento con previa citaci\u00f3n y acreditaci\u00f3n de los extremos legales del Programa.<\/p>\n\n\n\n<p>De tal suerte se impone, de manera inmediata, la necesidad de hacer cesar los efectos del delito procediendo a la suspensi\u00f3n y\/o baja de estos beneficios percibidos en clara transgresi\u00f3n a la normativa y al esp\u00edritu perseguido por el Estado Nacional al momento de su creaci\u00f3n&#8221;.<\/p>\n\n\n\n<p>Las provincias que quedaron, por ahora, fuera de la denuncia por no brindar la informaci\u00f3n pedida por Mariju\u00e1n a tiempo fueron, adem\u00e1s de&nbsp;<strong>Mendoza<\/strong>, Catamarca, Chaco, Chubut, Entre R\u00edos, La Pampa, Misiones, Neuqu\u00e9n, San Juan, San Luis, Santiago del Estero y Tierra del Fuego. Buenos Aires, en tanto, respondi\u00f3 de manera parcial.<\/p>\n\n\n\n<p>Desde el Gobierno nacional se\u00f1alaron que la ministra de Capital Humano,\u00a0<strong>Sandra Pettovello<\/strong>, ya prepara una resoluci\u00f3n para\u00a0<strong>dar de baja a esos 8.538 empleados p\u00fablicos<\/strong>\u00a0investigados.<\/p>\n\n\n\n<h2 class=\"wp-block-heading\">La respuesta de Mendoza<\/h2>\n\n\n\n<p>Desde el Gobierno de Mendoza dijeron a&nbsp;<em>Diario UNO<\/em>&nbsp;que&nbsp;<strong>&#8220;la semana pasada&#8221; fueron pasados los datos solicitados por el fiscal Mariju\u00e1n<\/strong>.<\/p>\n\n\n\n<p>La&nbsp;<strong>demora&nbsp;<\/strong>surgi\u00f3, seg\u00fan indicaron, porque la solicitud de la Fiscal\u00eda &#8220;inclu\u00eda cargar las bases de datos en sistemas y con formatos dispuestos por la Naci\u00f3n a trav\u00e9s del SINTYS (Sistema de Identificaci\u00f3n Nacional Tributario y Social)&#8221;.<\/p>\n\n\n\n<p>Esto &#8220;gener\u00f3 la necesidad de generar usuarios y permisos en la plataforma de ese organismo, para luego adaptar y codificar la informaci\u00f3n disponible conforme a los requerimientos nacionales&#8221;.<\/p>\n\n\n\n<p>Seg\u00fan contaron informalmente,\u00a0<strong>la Provincia debi\u00f3 cargar uno por uno los m\u00e1s de 97.000 empleados provinciales\u00a0<\/strong>a un sistema nacional que funciona con muchas dificultades.<\/p>\n\n\n\n<h2 class=\"wp-block-heading\">Las provincias en las que se encontraron incompatibilidades<\/h2>\n\n\n\n<p>Seg\u00fan la denuncia de Mariju\u00e1n, en Tucum\u00e1n hay 1.145 empleados que cobran el Potenciar Trabajo; en La Rioja, 1.060; en Jujuy, 652; en Corrientes, 518; en Salta, 434; en R\u00edo Negro, 198; en C\u00f3rdoba, 194; en Formosa, 180; y en Santa Cruz, 128.<\/p>\n\n\n\n<p>Buenos Aires present\u00f3 informaci\u00f3n parcial, solo relativa a tres ministerios: en el de Seguridad se encontraron 809 que cobran Potenciar Trabajo; en Cultura y Educaci\u00f3n, 858 y en la Jefatura de Gabinete, 576.<\/p>\n\n\n\n<p><strong>Ya con la informaci\u00f3n de Mendoza en mano<\/strong>, se espera que el fiscal federal avance en el cotejo de los datos con la base del plan social para remitir a la fiscal\u00eda local de turno el resultado de la investigaci\u00f3n y proceder con la denuncia igual que lo hizo con las otras jurisdicciones.<\/p>\n\n\n\n<p>FUENTE: Diariuno.com.ar <\/p>\n","protected":false},"excerpt":{"rendered":"<p>El fiscal federal descubri\u00f3 que m\u00e1s de 8.500 empleados de 10 provincias cobran el plan, lo que es incompatible. Mendoza no entr\u00f3 en el listado porque brind\u00f3 la n\u00f3mina de estatales con demora. Desde el Gobierno explicaron que hubo dificultades en la carga El Gobierno de Mendoza qued\u00f3 por un momento en el ojo de [&hellip;]<\/p>\n","protected":false},"author":2,"featured_media":3738,"comment_status":"open","ping_status":"open","sticky":true,"template":"","format":"standard","meta":[],"categories":[47],"tags":[],"_links":{"self":[{"href":"https:\/\/pasaenmendoza.com\/index.php?rest_route=\/wp\/v2\/posts\/4094"}],"collection":[{"href":"https:\/\/pasaenmendoza.com\/index.php?rest_route=\/wp\/v2\/posts"}],"about":[{"href":"https:\/\/pasaenmendoza.com\/index.php?rest_route=\/wp\/v2\/types\/post"}],"author":[{"embeddable":true,"href":"https:\/\/pasaenmendoza.com\/index.php?rest_route=\/wp\/v2\/users\/2"}],"replies":[{"embeddable":true,"href":"https:\/\/pasaenmendoza.com\/index.php?rest_route=%2Fwp%2Fv2%2Fcomments&post=4094"}],"version-history":[{"count":1,"href":"https:\/\/pasaenmendoza.com\/index.php?rest_route=\/wp\/v2\/posts\/4094\/revisions"}],"predecessor-version":[{"id":4100,"href":"https:\/\/pasaenmendoza.com\/index.php?rest_route=\/wp\/v2\/posts\/4094\/revisions\/4100"}],"wp:featuredmedia":[{"embeddable":true,"href":"https:\/\/pasaenmendoza.com\/index.php?rest_route=\/wp\/v2\/media\/3738"}],"wp:attachment":[{"href":"https:\/\/pasaenmendoza.com\/index.php?rest_route=%2Fwp%2Fv2%2Fmedia&parent=4094"}],"wp:term":[{"taxonomy":"category","embeddable":true,"href":"https:\/\/pasaenmendoza.com\/index.php?rest_route=%2Fwp%2Fv2%2Fcategories&post=4094"},{"taxonomy":"post_tag","embeddable":true,"href":"https:\/\/pasaenmendoza.com\/index.php?rest_route=%2Fwp%2Fv2%2Ftags&post=4094"}],"curies":[{"name":"wp","href":"https:\/\/api.w.org\/{rel}","templated":true}]}}