{"id":4101,"date":"2023-12-27T14:27:28","date_gmt":"2023-12-27T13:27:28","guid":{"rendered":"https:\/\/pasaenmendoza.com\/?p=4101"},"modified":"2023-12-27T14:27:29","modified_gmt":"2023-12-27T13:27:29","slug":"los-celadores-de-mendoza-pediran-al-gobierno-un-bono-compensatorio","status":"publish","type":"post","link":"https:\/\/pasaenmendoza.com\/?p=4101","title":{"rendered":"Los celadores de Mendoza pedir\u00e1n al Gobierno un bono compensatorio"},"content":{"rendered":"\n<p>Este martes se trata en la Legislatura provincial, el pliego que envi\u00f3 el gobernador\u00a0Alfredo Cornejo\u00a0postulando a\u00a0Tadeo Garc\u00eda Zalazar\u00a0como Director General de Escuelas. Para desempe\u00f1arse\u00a0 en ese cargo, debe contar con el aval de la mayor\u00eda de los senadores, seg\u00fan establece la Constituci\u00f3n local.\u00a0<\/p>\n\n\n\n<p>En ese marco, los\u00a0<strong>celadores<\/strong>\u00a0 nucleados en el Sindicato de Celadores de Mendoza (SUCEND) se manifestaron de acuerdo con la designaci\u00f3n del ex intendente de Godoy Cruz,\u00a0\u00a0al tiempo que resaltaron que la nueva gesti\u00f3n\u00a0 haya enviado a todos los establecimientos, el tema de la capacitaci\u00f3n para celadores&#8221;.\u00a0<\/p>\n\n\n\n<p>&#8220;Pero se hace en un momento en que las escuelas est\u00e1n cerradas y donde hay que pintar, hay que hacer limpieza general, desinfecci\u00f3n, etc&#8230; y cuando tambi\u00e9n nosotros nos tomamos licencia. Adem\u00e1s, el SUTE ha dicho que no van a abrir los colegios. Creo que es muy buena la capacitaci\u00f3n , pero deber\u00eda darse cuando est\u00e9n abiertos los edificios y en horario vespertino porque realmente es cuando los trabajadores pueden acceder mayoritariamente&#8221;, dijo&nbsp;<strong>Miguel Vilches<\/strong>&nbsp;en representaci\u00f3n del gremio.<\/p>\n\n\n\n<p>Respecto a lo salarial,\u00a0 el sindicalista asegur\u00f3 que &#8220;debido a la situaci\u00f3n actual con la devaluaci\u00f3n y este gran problema financiero-econ\u00f3mico que tiene el pa\u00eds, nosotros estamos por debajo de la indigencia. En la \u00faltima paritaria quedamos un 25% m\u00e1s abajo que la inflaci\u00f3n. Nosotros no estamos de acuerdo con lo que firm\u00f3 el\u00a0<strong>SUTE<\/strong>\u00a0(Gremio docente), porque tenemos para enero, febrero y marzo un 5,8% mensual&#8221;.\u00a0<\/p>\n\n\n\n<p>En ese sentido, Vilches anunci\u00f3 que el mi\u00e9rcoles le enviar\u00e1n una nota al gobernador Alfredo Cornejo, al ministro de Gobierno y al de Hacienda,\u00a0 &#8220;para solicitarles que cumplan con la indumentaria, ya que est\u00e1 por finalizar el a\u00f1o y todav\u00eda no se ha otorgado. Y tambi\u00e9n vamos a pedir, porque la situaci\u00f3n de los compa\u00f1eros es muy angustiante, un bono de fin de a\u00f1o, que se podr\u00eda dar la primera semana o la primera quincena de enero 2024. Hoy, un celador inicial con los haberes de diciembre y sin contra turno no supera los $125.000 de bolsillo&#8221;.<\/p>\n\n\n\n<p><strong>Fuente: www.mendozapost.com<\/strong><\/p>\n","protected":false},"excerpt":{"rendered":"<p>Este martes se trata en la Legislatura provincial, el pliego que envi\u00f3 el gobernador\u00a0Alfredo Cornejo\u00a0postulando a\u00a0Tadeo Garc\u00eda Zalazar\u00a0como Director General de Escuelas. Para desempe\u00f1arse\u00a0 en ese cargo, debe contar con el aval de la mayor\u00eda de los senadores, seg\u00fan establece la Constituci\u00f3n local.\u00a0 En ese marco, los\u00a0celadores\u00a0 nucleados en el Sindicato de Celadores de Mendoza [&hellip;]<\/p>\n","protected":false},"author":2,"featured_media":4102,"comment_status":"open","ping_status":"open","sticky":false,"template":"","format":"standard","meta":[],"categories":[50],"tags":[],"_links":{"self":[{"href":"https:\/\/pasaenmendoza.com\/index.php?rest_route=\/wp\/v2\/posts\/4101"}],"collection":[{"href":"https:\/\/pasaenmendoza.com\/index.php?rest_route=\/wp\/v2\/posts"}],"about":[{"href":"https:\/\/pasaenmendoza.com\/index.php?rest_route=\/wp\/v2\/types\/post"}],"author":[{"embeddable":true,"href":"https:\/\/pasaenmendoza.com\/index.php?rest_route=\/wp\/v2\/users\/2"}],"replies":[{"embeddable":true,"href":"https:\/\/pasaenmendoza.com\/index.php?rest_route=%2Fwp%2Fv2%2Fcomments&post=4101"}],"version-history":[{"count":1,"href":"https:\/\/pasaenmendoza.com\/index.php?rest_route=\/wp\/v2\/posts\/4101\/revisions"}],"predecessor-version":[{"id":4103,"href":"https:\/\/pasaenmendoza.com\/index.php?rest_route=\/wp\/v2\/posts\/4101\/revisions\/4103"}],"wp:featuredmedia":[{"embeddable":true,"href":"https:\/\/pasaenmendoza.com\/index.php?rest_route=\/wp\/v2\/media\/4102"}],"wp:attachment":[{"href":"https:\/\/pasaenmendoza.com\/index.php?rest_route=%2Fwp%2Fv2%2Fmedia&parent=4101"}],"wp:term":[{"taxonomy":"category","embeddable":true,"href":"https:\/\/pasaenmendoza.com\/index.php?rest_route=%2Fwp%2Fv2%2Fcategories&post=4101"},{"taxonomy":"post_tag","embeddable":true,"href":"https:\/\/pasaenmendoza.com\/index.php?rest_route=%2Fwp%2Fv2%2Ftags&post=4101"}],"curies":[{"name":"wp","href":"https:\/\/api.w.org\/{rel}","templated":true}]}}