{"id":4107,"date":"2023-12-27T14:43:12","date_gmt":"2023-12-27T13:43:12","guid":{"rendered":"https:\/\/pasaenmendoza.com\/?p=4107"},"modified":"2023-12-27T14:43:14","modified_gmt":"2023-12-27T13:43:14","slug":"piden-que-el-gas-en-mendoza-aumente-hasta-280-cuanto-costara-el-servicio","status":"publish","type":"post","link":"https:\/\/pasaenmendoza.com\/?p=4107","title":{"rendered":"Piden que el gas en Mendoza aumente hasta 280%: cu\u00e1nto costar\u00e1 el servicio"},"content":{"rendered":"\n<p>Las distribuidoras de gas de todo el pa\u00eds plantearon al Gobierno nacional que necesitar\u00e1n&nbsp;<strong>una&nbsp;fuerte recomposici\u00f3n de tarifas&nbsp;a partir de febrero del pr\u00f3ximo a\u00f1o<\/strong>. As\u00ed qued\u00f3 plasmado en los respectivos estudios que cada una de esas compa\u00f1\u00edas present\u00f3 ante la autoridad del \u00e1rea (<strong>Enargas<\/strong>), en v\u00edsperas de la audiencia p\u00fablica que tendr\u00e1 lugar el&nbsp;<strong>8 de enero<\/strong>, donde se determinar\u00e1 c\u00f3mo ser\u00e1&nbsp;el descongelamiento en las boletas.<\/p>\n\n\n\n<p>Esa documentaci\u00f3n que entregaron las empresas al Enargas incluyen\u00a0<strong>sus\u00a0propias estimaciones de costos y pedidos de ajustes de tarifas<\/strong>, que est\u00e1n congeladas desde abril de este a\u00f1o.<\/p>\n\n\n\n<p>En el caso de la&nbsp;<strong>Distribuidora de Gas Cuyana (Ecogas)<\/strong>, que presta servicios en&nbsp;<strong>Mendoza<\/strong>, la solicitud de incremento ronda entre el&nbsp;<strong>126,2% y 280,5%<\/strong>, de acuerdo con el segmento correspondiente a cada usuario, vinculado con los subsidios que recibe y su nivel de ingresos.<\/p>\n\n\n\n<p>Hay que recordar que los 414 mil clientes de Ecogas se dividen en:<\/p>\n\n\n\n<ul>\n<li><strong>N1 (30% del total):&nbsp;<\/strong>usuarios de ingresos altos o personas que han decidido no solicitar el subsidio o renunciar al mismo.<\/li>\n<\/ul>\n\n\n\n<ul>\n<li><strong>N2 (45% del total):<\/strong>&nbsp;usuarios de ingresos bajos que solicitaron el subsidio o fueron incorporados provisoriamente por ser declarados por las prestatarias del servicio de distribuci\u00f3n como beneficiarios de la tarifa social.<\/li>\n\n\n\n<li><strong>N3 (25% del total):<\/strong>&nbsp;usuarios de ingresos medios.<\/li>\n<\/ul>\n\n\n\n<p><strong>Qu\u00e9 pide Ecogas<\/strong><\/p>\n\n\n\n<p>En el informe de 149 carillas que present\u00f3 ante el Enargas,\u00a0<strong>Ecogas\u00a0<\/strong>plante\u00f3 ejemplos del impacto que tendr\u00e1 el aumento propuesto en la\u00a0<strong>factura promedio mensual de los usuarios residenciales<\/strong>, dependiendo de su segmento.<\/p>\n\n\n\n<p><strong>Segmento N1 (altos ingresos, sin subsidios).<\/strong><\/p>\n\n\n\n<ul>\n<li>Tarifa media actual $4.933.<\/li>\n\n\n\n<li>Tarifa media propuesta $11.159.<\/li>\n\n\n\n<li>Aumento solicitado: 126,2%.<\/li>\n<\/ul>\n\n\n\n<p><strong>Segmento N2 (bajos ingresos, con subsidios).<\/strong><\/p>\n\n\n\n<ul>\n<li>Tarifa media actual: $2.294.<\/li>\n\n\n\n<li>Tarifa media propuesta: $8.729.<\/li>\n\n\n\n<li>Aumento solicitado: 280,5%.<\/li>\n<\/ul>\n\n\n\n<p><strong>Segmento N3 (ingresos medios, con subsidios).<\/strong><\/p>\n\n\n\n<ul>\n<li>Tarifa media actual: $3.228.<\/li>\n\n\n\n<li>Tarifa media propuesta: $9.227.<\/li>\n\n\n\n<li>Aumento solicitado: 185,8%.<\/li>\n<\/ul>\n\n\n\n<p>En los tres casos se incluye&nbsp;<strong>el subsidio por Zona Fr\u00eda del 30%<\/strong>, vigente por ley.<\/p>\n\n\n\n<p><em>\u201cEsto implicar\u00eda para el promedio de nuestros usuarios residenciales, un incremento en el gasto mensual del orden de $4.500 por el servicio de distribuci\u00f3n de gas natural<\/em>\u201c, expres\u00f3&nbsp;<strong>Ecogas<\/strong>.&nbsp;<em>\u201cLos cuadros tarifarios de transici\u00f3n que se proponen asumen su puesta en aplicaci\u00f3n desde el 1 de febrero de 2024\u201d<\/em>, agreg\u00f3 la distribuidora.<\/p>\n\n\n\n<p>Adem\u00e1s, Ecogas plante\u00f3 la necesidad de un ajuste mensual que utilice como par\u00e1metro de actualizaci\u00f3n autom\u00e1tica el\u00a0<strong>\u00cdndice de Precios Internos al por Mayor (IPIM)<\/strong>, difundido por el\u00a0<strong>Indec\u00a0<\/strong>y cuyo objetivo es medir\u00a0<em>\u201cla variaci\u00f3n de los precios a los que los productores e importadores venden en el mercado interno, incluyendo impuestos\u201d<\/em>.<\/p>\n\n\n\n<p><strong>Cargos fijos vs cargos variables<\/strong><\/p>\n\n\n\n<p><em>\u201cEl 100% del incremento solicitado se canaliza al&nbsp;<strong>cargo fijo<\/strong>, determinando un \u00fanico cargo fijo para todos los clientes residenciales, y el cargo variable se mantiene igual al actual\u201d<\/em>, explic\u00f3 la distribuidora.<\/p>\n\n\n\n<p>En tal sentido, a\u00f1adi\u00f3 que los costos relacionados a la operaci\u00f3n y mantenimiento de la distribuci\u00f3n de gas<strong>&nbsp;son mayoritariamente planos durante el a\u00f1o<\/strong>, siendo muy pocos los asociados a la cantidad de gas que se distribuye.<\/p>\n\n\n\n<p>As\u00ed las cosas,\u00a0<strong>Ecogas\u00a0<\/strong>plante\u00f3\u00a0<em>\u201cla posibilidad de llevar la facturaci\u00f3n del servicio de distribuci\u00f3n gas a un esquema plano anual, especialmente para los usuarios residenciales que son los m\u00e1s afectados por la estacionalidad del servicio, siendo su uso primario el de calefacci\u00f3n, en contraposici\u00f3n a otro tipo de usuarios comerciales o industriales\u201d.<\/em><\/p>\n\n\n\n<p>Por ese motivo, resalt\u00f3 que el cuadro tarifario propuesto<em>\u00a0\u201ces una oportunidad para brindar a los usuarios residenciales una facturaci\u00f3n m\u00e1s previsible, aplicando el incremento en el cargo fijo, que es estable durante todo el a\u00f1o, y sin variaci\u00f3n en el cargo variable, minimizando as\u00ed el impacto en el usuario en los meses de mayor consumo\u201d.<\/em><\/p>\n\n\n\n<p><strong>Los argumentos<\/strong><\/p>\n\n\n\n<p>Para&nbsp;<strong>Ecogas<\/strong>, \u201c<em>la tarifa correspondiente al servicio de distribuci\u00f3n que se propone es necesaria para prestar el servicio en condiciones de seguridad y garantizando el suministro y preservar adem\u00e1s la cadena de pagos de la industria del gas natural\u201d.<\/em><\/p>\n\n\n\n<p>Su propuesta&nbsp;<strong>no contempla la realizaci\u00f3n de un plan de inversiones obligatorias<\/strong>&nbsp;para el a\u00f1o pr\u00f3ximo, que&nbsp;<em>\u201cser\u00e1n planificadas\u201d&nbsp;<\/em>reci\u00e9n si el Gobierno nacional autoriza en \u201c<em>tiempo y forma\u201d<\/em>&nbsp;el ajuste tarifario solicitado.<\/p>\n\n\n\n<p>La firma adem\u00e1s argument\u00f3 que:<\/p>\n\n\n\n<ul>\n<li><em>\u201cLa tarifa actual de la distribuidora refleja valores ajustados por \u00faltima vez&nbsp;<strong>el 29 de abril de 2023<\/strong>, cuando se realiz\u00f3 la adecuaci\u00f3n del incremento otorgado\u201d.<\/em><\/li>\n\n\n\n<li><em>\u201cCabe destacar que, al momento de la firma de ese Acuerdo Transitorio,&nbsp;<strong>la tarifa vigente arrastraba 26 meses de congelamiento<\/strong>, ya que la actualizaci\u00f3n anterior se hab\u00eda producido en abril de 2019 (con referencia de costos a febrero de ese a\u00f1o)\u201d.<\/em><\/li>\n\n\n\n<li><em>\u201cEl incremento acumulado otorgado por la mencionada Tarifa Transitoria (junio de 2021) y su respectiva readecuaci\u00f3n (marzo de 2022 y abril de 2023),<strong>&nbsp;fue sustancialmente inferior a la inflaci\u00f3n<\/strong>&nbsp;y al incremento de costos de operaci\u00f3n acumulado en el periodo transcurrido, y a lo solicitado por la Distribuidora\u201d.<\/em><\/li>\n\n\n\n<li><em>\u201cLa necesidad de una actualizaci\u00f3n tarifaria se presenta como inexorable, pues con los incrementos otorgados por debajo de la inflaci\u00f3n y con costos que mantienen el ritmo de esta \u00faltima, la operatoria diaria de la Distribuidora se torna dificultosa<strong>&nbsp;tras cinco a\u00f1os de desfasaje entre ambas variables\u201d.<\/strong><\/em><\/li>\n\n\n\n<li><em>\u201cOtro indicador m\u00e1s del atraso relativo que ha sufrido la tarifa de distribuci\u00f3n de gas por redes lo representa el posicionamiento relativo de la factura promedio mensual de un usuario residencial, que en la actualidad se encuentra&nbsp;<strong>muy por debajo de otros gastos del hogar<\/strong>, como puede ser el servicio de internet, televisi\u00f3n por cable, telefon\u00eda celular o combustible\u201d.<\/em><\/li>\n<\/ul>\n\n\n\n<p>El atraso tarifario&nbsp;tuvo su origen en 2003, durante el primer gobierno de&nbsp;<strong>N\u00e9stor Kirchner<\/strong>, y se profundiz\u00f3 en las dos posteriores gestiones de&nbsp;<strong>Cristina Kirchner<\/strong>. Luego del congelamiento, se fueron otorgando&nbsp;<strong>subas discrecionales<\/strong>, sin un par\u00e1metro claro de ajuste.<\/p>\n\n\n\n<p><strong>Mauricio Macri\u00a0<\/strong>intent\u00f3 volver a un sendero de ajustes programados, pero finaliz\u00f3 su mandato postergando aumentos. Luego lleg\u00f3\u00a0<strong>Alberto Fern\u00e1ndez\u00a0<\/strong>y su decisi\u00f3n de volver a congelar tarifas durante la pandemia. Despu\u00e9s se autorizaron incrementos, pero siempre por\u00a0<strong>debajo de la inflaci\u00f3n.<\/strong><\/p>\n\n\n\n<p><strong>Cu\u00e1nto piden otras distribuidoras<\/strong><\/p>\n\n\n\n<p>Las distribuidoras que llevan el gas hasta los hogares y los comercios pidieron actualizaciones de&nbsp;al menos el 350%&nbsp;en el \u00c1rea Metropolitana de Buenos Aires (AMBA) y cifras mayores en el interior del pa\u00eds.&nbsp;<\/p>\n\n\n\n<ul>\n<li><strong>Metrogas\u00a0<\/strong><em>(\u00c1rea Metropolitana de Buenos Aires)<\/em>:\u00a0<strong>376,52%.<\/strong><\/li>\n\n\n\n<li><strong>Naturgy<\/strong><em>&nbsp;(provincia de Buenos Aires)<\/em>:&nbsp;<strong>437<\/strong>%.<\/li>\n\n\n\n<li><strong>Redengas<\/strong>&nbsp;<em>(Entre R\u00edos)<\/em>:&nbsp;<strong>481%<\/strong>.&nbsp;<\/li>\n\n\n\n<li><strong>Camuzzi Gas Pampeana<\/strong>:&nbsp;<strong>421%<\/strong>&nbsp;<\/li>\n\n\n\n<li><strong>Camuzzi Gas del Sur<\/strong>:&nbsp;<strong>543%<\/strong>.&nbsp;<\/li>\n\n\n\n<li><strong>Gasnor:\u00a0<\/strong>entre<strong>\u00a0438% y 704%<\/strong>;<\/li>\n<\/ul>\n\n\n\n<p>Hay que destacar que estos pedidos de las distribuidoras no son vinculantes. \u201c<em>Las opiniones que sean recogidas en la Audiencia no obligan al Enargas a adoptar una decisi\u00f3n sobre ellas en el mismo acto de la Audiencia. Tal como expuso la Corte Suprema de Justicia de la Naci\u00f3n, si bien constituyen un \u00e1mbito de participaci\u00f3n ciudadana en la toma de decisiones no constituyen la propia decisi\u00f3n, que se mantiene inalterada en manos de la autoridad p\u00fablica\u201d<\/em>, explica un documento de esa entidad, que sin embargo deber\u00e1 fundamentar adecuadamente en su decisi\u00f3n final\u00a0<strong>por qu\u00e9 acepta o rechaza los planteos de las empresas.<\/strong><\/p>\n\n\n\n<p><strong>Fuente: www.elsol.com.ar<\/strong><a rel=\"noreferrer noopener\" href=\"https:\/\/www.infobae.com\/economia\/2023\/12\/26\/dolar-hoy-en-vivo-a-cuanto-abre-este-martes-26-de-diciembre-y-cual-es-el-precio-minuto-a-minuto\/\" target=\"_blank\"><\/a><\/p>\n","protected":false},"excerpt":{"rendered":"<p>Las distribuidoras de gas de todo el pa\u00eds plantearon al Gobierno nacional que necesitar\u00e1n&nbsp;una&nbsp;fuerte recomposici\u00f3n de tarifas&nbsp;a partir de febrero del pr\u00f3ximo a\u00f1o. As\u00ed qued\u00f3 plasmado en los respectivos estudios que cada una de esas compa\u00f1\u00edas present\u00f3 ante la autoridad del \u00e1rea (Enargas), en v\u00edsperas de la audiencia p\u00fablica que tendr\u00e1 lugar el&nbsp;8 de enero, [&hellip;]<\/p>\n","protected":false},"author":2,"featured_media":4108,"comment_status":"open","ping_status":"open","sticky":false,"template":"","format":"standard","meta":[],"categories":[79],"tags":[],"_links":{"self":[{"href":"https:\/\/pasaenmendoza.com\/index.php?rest_route=\/wp\/v2\/posts\/4107"}],"collection":[{"href":"https:\/\/pasaenmendoza.com\/index.php?rest_route=\/wp\/v2\/posts"}],"about":[{"href":"https:\/\/pasaenmendoza.com\/index.php?rest_route=\/wp\/v2\/types\/post"}],"author":[{"embeddable":true,"href":"https:\/\/pasaenmendoza.com\/index.php?rest_route=\/wp\/v2\/users\/2"}],"replies":[{"embeddable":true,"href":"https:\/\/pasaenmendoza.com\/index.php?rest_route=%2Fwp%2Fv2%2Fcomments&post=4107"}],"version-history":[{"count":1,"href":"https:\/\/pasaenmendoza.com\/index.php?rest_route=\/wp\/v2\/posts\/4107\/revisions"}],"predecessor-version":[{"id":4109,"href":"https:\/\/pasaenmendoza.com\/index.php?rest_route=\/wp\/v2\/posts\/4107\/revisions\/4109"}],"wp:featuredmedia":[{"embeddable":true,"href":"https:\/\/pasaenmendoza.com\/index.php?rest_route=\/wp\/v2\/media\/4108"}],"wp:attachment":[{"href":"https:\/\/pasaenmendoza.com\/index.php?rest_route=%2Fwp%2Fv2%2Fmedia&parent=4107"}],"wp:term":[{"taxonomy":"category","embeddable":true,"href":"https:\/\/pasaenmendoza.com\/index.php?rest_route=%2Fwp%2Fv2%2Fcategories&post=4107"},{"taxonomy":"post_tag","embeddable":true,"href":"https:\/\/pasaenmendoza.com\/index.php?rest_route=%2Fwp%2Fv2%2Ftags&post=4107"}],"curies":[{"name":"wp","href":"https:\/\/api.w.org\/{rel}","templated":true}]}}