{"id":4115,"date":"2023-12-28T13:03:12","date_gmt":"2023-12-28T12:03:12","guid":{"rendered":"https:\/\/pasaenmendoza.com\/?p=4115"},"modified":"2023-12-28T13:03:13","modified_gmt":"2023-12-28T12:03:13","slug":"ley-omnibus-mendoza-sumara-un-diputado-nacional-si-avanza-la-reforma-politica","status":"publish","type":"post","link":"https:\/\/pasaenmendoza.com\/?p=4115","title":{"rendered":"Ley \u00f3mnibus: Mendoza sumar\u00e1 un diputado nacional si avanza la reforma pol\u00edtica"},"content":{"rendered":"\n<p>La iniciativa de Milei quita el piso de cinco legisladores para cada provincia y disminuye la cantidad de representantes en la C\u00e1mara baja.<\/p>\n\n\n\n<p>La \u201cley \u00f3mnibus\u201d que el Gobierno de Javier Milei envi\u00f3 al Congreso incluye una profunda reforma electoral que, entre otros puntos,&nbsp;<strong>cambia la composici\u00f3n de la C\u00e1mara de Diputados<\/strong>&nbsp;al modificar la representaci\u00f3n de las provincias.<\/p>\n\n\n\n<p>El proyecto propone una reestructuraci\u00f3n por Censo de la forma de asignaci\u00f3n de las bancas de diputados nacionales, que ser\u00e1n elegidos por circunscripciones uninominales. En consecuencia, se reducir\u00e1 la cantidad de legisladores de la C\u00e1mara baja por provincia.<\/p>\n\n\n\n<p>\u201cSe promueve una&nbsp;<strong>reforma profunda del sistema pol\u00edtico<\/strong>&nbsp;para fortalecer la democracia y las instituciones de la Rep\u00fablica\u201d, indic\u00f3 el Presidente junto a sus ministros en los considerandos del proyecto de ley denominado&nbsp;<em>Bases y Puntos de Partida para la Libertad de los Argentinos<\/em>.<\/p>\n\n\n\n<p>El proyecto presidencial modifica el art\u00edculo 3\u00ba del decreto ley 22.847, la llamada \u201cLey Bignone\u201d, sancionada en julio de 1983, durante la \u00faltima dictadura, para convocar a las elecciones en las que termin\u00f3 imponi\u00e9ndose Ra\u00fal Alfons\u00edn. En esa norma se fij\u00f3 que<em>&nbsp;\u201cel n\u00famero de diputados nacionales a elegir ser\u00e1 de uno por cada 161.000 habitantes\u201d<\/em>. A dicha representaci\u00f3n se le agregaron&nbsp;<em>\u201cpisos\u201d<\/em>, adhiriendo por cada distrito \u201ctres diputados, no pudiendo en ning\u00fan caso ser menor de cinco diputados\u201d por provincia.<\/p>\n\n\n\n<p>La nueva iniciativa propone que \u201cel n\u00famero de diputados nacionales a elegir ser\u00e1 de uno por cada 180.000 habitantes o fracci\u00f3n no menor de 90.000\u201d. Adem\u00e1s,&nbsp;<strong>elimina el m\u00ednimo de cinco<\/strong>&nbsp;<strong>diputados por provincia<\/strong>, lo que bajar\u00e1 sustancialmente la presentaci\u00f3n de la provincias menos pobladas del pa\u00eds en la C\u00e1mara de Diputados.<\/p>\n\n\n\n<p>Esto disminuye el n\u00famero de diputados de 257 a 255, seg\u00fan calcularon diversos especialistas electorales. En la nueva disposici\u00f3n, la&nbsp;<strong>Provincia de Buenos Aires<\/strong>&nbsp;sumar\u00eda 27 diputados y la&nbsp;<strong>Ciudad Aut\u00f3noma de Buenos Aires<\/strong>&nbsp;(CABA), al borrar la asignaci\u00f3n de 25 bancas fijas, perder\u00eda ocho, entre otros cambios.<\/p>\n\n\n\n<p>En el caso de&nbsp;<strong>Mendoza<\/strong>, ganar\u00eda una banca, pasando de diez a once. Entre las beneficiadas tambi\u00e9n estar\u00edan&nbsp;<strong>Tucum\u00e1n&nbsp;<\/strong>(de nueve a diez);&nbsp;<strong>Santa Fe<\/strong>&nbsp;(de 19 a 20);&nbsp;<strong>Salta&nbsp;<\/strong>(de siete a ocho); y&nbsp;<strong>C\u00f3rdoba&nbsp;<\/strong>(de 18 agregar\u00eda 21).<\/p>\n\n\n\n<p>Mientras que entre las perjudicadas se ubican\u00a0<strong>Tierra del Fuego<\/strong>\u00a0(de cinco a uno);\u00a0<strong>Santa Cruz, La Pampa, La Rioja y Catamarca<\/strong>\u00a0(de cinco a dos);\u00a0<strong>Formosa, Chubut y San Luis<\/strong>\u00a0(de cinco a tres);\u00a0<strong>Chaco, Santiago del Estero, San Juan, Jujuy, R\u00edo Negro y Neuqu\u00e9n<\/strong>\u00a0(de cinco a cuatro); y\u00a0<strong>Entre R\u00edos\u00a0<\/strong>(de nueve a ocho).<\/p>\n\n\n\n<p>FUENTE: elsol.com.ar <\/p>\n","protected":false},"excerpt":{"rendered":"<p>La iniciativa de Milei quita el piso de cinco legisladores para cada provincia y disminuye la cantidad de representantes en la C\u00e1mara baja. La \u201cley \u00f3mnibus\u201d que el Gobierno de Javier Milei envi\u00f3 al Congreso incluye una profunda reforma electoral que, entre otros puntos,&nbsp;cambia la composici\u00f3n de la C\u00e1mara de Diputados&nbsp;al modificar la representaci\u00f3n de [&hellip;]<\/p>\n","protected":false},"author":2,"featured_media":4116,"comment_status":"open","ping_status":"open","sticky":true,"template":"","format":"standard","meta":[],"categories":[47],"tags":[],"_links":{"self":[{"href":"https:\/\/pasaenmendoza.com\/index.php?rest_route=\/wp\/v2\/posts\/4115"}],"collection":[{"href":"https:\/\/pasaenmendoza.com\/index.php?rest_route=\/wp\/v2\/posts"}],"about":[{"href":"https:\/\/pasaenmendoza.com\/index.php?rest_route=\/wp\/v2\/types\/post"}],"author":[{"embeddable":true,"href":"https:\/\/pasaenmendoza.com\/index.php?rest_route=\/wp\/v2\/users\/2"}],"replies":[{"embeddable":true,"href":"https:\/\/pasaenmendoza.com\/index.php?rest_route=%2Fwp%2Fv2%2Fcomments&post=4115"}],"version-history":[{"count":1,"href":"https:\/\/pasaenmendoza.com\/index.php?rest_route=\/wp\/v2\/posts\/4115\/revisions"}],"predecessor-version":[{"id":4117,"href":"https:\/\/pasaenmendoza.com\/index.php?rest_route=\/wp\/v2\/posts\/4115\/revisions\/4117"}],"wp:featuredmedia":[{"embeddable":true,"href":"https:\/\/pasaenmendoza.com\/index.php?rest_route=\/wp\/v2\/media\/4116"}],"wp:attachment":[{"href":"https:\/\/pasaenmendoza.com\/index.php?rest_route=%2Fwp%2Fv2%2Fmedia&parent=4115"}],"wp:term":[{"taxonomy":"category","embeddable":true,"href":"https:\/\/pasaenmendoza.com\/index.php?rest_route=%2Fwp%2Fv2%2Fcategories&post=4115"},{"taxonomy":"post_tag","embeddable":true,"href":"https:\/\/pasaenmendoza.com\/index.php?rest_route=%2Fwp%2Fv2%2Ftags&post=4115"}],"curies":[{"name":"wp","href":"https:\/\/api.w.org\/{rel}","templated":true}]}}