{"id":4121,"date":"2023-12-28T13:15:52","date_gmt":"2023-12-28T12:15:52","guid":{"rendered":"https:\/\/pasaenmendoza.com\/?p=4121"},"modified":"2023-12-28T13:15:53","modified_gmt":"2023-12-28T12:15:53","slug":"la-filtracion-del-supuesto-desfinanciamiento-del-conicet-puso-en-alerta-a-los-cientificos-mendocinos","status":"publish","type":"post","link":"https:\/\/pasaenmendoza.com\/?p=4121","title":{"rendered":"La filtraci\u00f3n del supuesto desfinanciamiento del Conicet puso en alerta a los cient\u00edficos mendocinos"},"content":{"rendered":"\n<p>Circul\u00f3 una minuta de una reuni\u00f3n que autoridades del Conicet mantuvieron con directores de los Centros Cient\u00edfico Tecnol\u00f3gicos. La misma da cuenta de la paralizaci\u00f3n de concursos y la falta de fondos para sueldos y becas. &#8220;No sabemos si es real ni qui\u00e9n la escribi\u00f3&#8221;<\/p>\n\n\n\n<p>&#8220;Minuta reuni\u00f3n de directores-as de CCTs 22-12-2023 con Claudia Capurro y Alberto Baruj (vicepresidentes de\u00a0<strong>Conicet<\/strong>)&#8221;. Ese es el t\u00edtulo del documento que circul\u00f3 entre investigadores y becarios -no solo de Mendoza sino del pa\u00eds- y que gener\u00f3 una\u00a0<strong>enorme preocupaci\u00f3n\u00a0<\/strong>por la situaci\u00f3n cr\u00edtica y de ajuste que describe.<\/p>\n\n\n\n<p>La minuta se viraliz\u00f3 por WhatsApp. La misma cuenta el&nbsp;<strong>presunto contenido de una reuni\u00f3n entre los vicepresidentes del Conicet Capurro y Baruj, el elegido por Javier Milei para que sea presidente Daniel Salamone<\/strong>&nbsp;y los referentes de cada Centro Cient\u00edfico Tecnol\u00f3gico.<\/p>\n\n\n\n<p>Lo que alert\u00f3 a los cient\u00edficos, que este mi\u00e9rcoles por la ma\u00f1ana se mantuvieron en asamblea, fue que, seg\u00fan el escrito, si se repiten las pautas presupuestarias del 2023 como advirti\u00f3 Javier Milei&nbsp;<strong>solo habr\u00e1 fondos para pagar salarios de investigadores hasta mitad del a\u00f1o que viene<\/strong>&nbsp;y 10.800 becas hasta julio.<\/p>\n\n\n\n<p>Desde el CCT Mendoza dijeron a&nbsp;<em>Diario UNO<\/em>&nbsp;que hubo una reuni\u00f3n la semana pasada pero&nbsp;<strong>no pueden dar fe del contenido<\/strong>&nbsp;del documento.<\/p>\n\n\n\n<p>&#8220;No se sabe qui\u00e9n lo escribi\u00f3&#8221;, agregaron\u00a0<strong>aunque reconocieron la preocupaci\u00f3n<\/strong>\u00a0de los cient\u00edficos, que a su vez pidieron que se les brinde informaci\u00f3n oficial desde el Gobierno nacional, dado que ni siquiera el nuevo presidente ha sido designado formalmente.<\/p>\n\n\n\n<h2 class=\"wp-block-heading\">La reuni\u00f3n que puso en alerta a los cient\u00edficos<\/h2>\n\n\n\n<p>El documento que circul\u00f3 en los \u00faltimos d\u00edas da cuenta de que&nbsp;<strong>el organismo deber\u00eda &#8220;sobrevivir pagando los gastos m\u00ednimos e indispensables&nbsp;<\/strong>para que las instituciones puedan seguir funcionando&#8221;.<\/p>\n\n\n\n<p>Y que en la reuni\u00f3n con las autoridades del&nbsp;<strong>Conicet<\/strong>, el gerente del Conicet Jorge Figari advirti\u00f3 que &#8220;nunca se vivi\u00f3 una situaci\u00f3n as\u00ed&#8221; y que las autoridades pelear\u00e1n por &#8220;un refuerzo presupuestario&#8221;.<\/p>\n\n\n\n<p>En el estado de situaci\u00f3n se cuenta tambi\u00e9n que&nbsp;<strong>Daniel Salamone a\u00fan no ha sido desginado por Javier Milei&nbsp;<\/strong>como presidente del Conicet y que, por tanto, son los vice los que tienen firma &#8220;pero no para pagos&#8221;.<\/p>\n\n\n\n<p>Seg\u00fan lo que se filtr\u00f3, Salamone ser\u00eda designado en breve y est\u00e1 dispuesto a que el Conicet contin\u00fae, con una mirada coherente como investigador.<\/p>\n\n\n\n<p>El propio Salamone se habr\u00eda sumado a la reuni\u00f3n casi sobre el final. &#8220;La idea es tornar a la instituci\u00f3n en lo m\u00e1s funcional posible en una situaci\u00f3n que es de una crisis muy profunda&#8221;, resalta el documento, que a la vez concluye que&nbsp;<strong>&#8220;el margen de negociaci\u00f3n (para el presupuesto) es m\u00ednimo&#8221;&nbsp;<\/strong>porque &#8220;la idea es poner en caja al Estado&#8221;.<\/p>\n\n\n\n<p>&#8220;Una de las estrategias para reducir planta seria que la gente que est\u00e1 en condiciones de jubilarse lo haga&#8221;, anot\u00f3 quien redact\u00f3 el escrito, que tambi\u00e9n asegur\u00f3 que se habl\u00f3 de &#8220;potenciar la vinculaci\u00f3n con privados y la cooperaci\u00f3n internacional&#8221;.<\/p>\n\n\n\n<p>El documento tambi\u00e9n expresa que no se otorgar\u00e1n nuevas becas por razones presupuestarias. Que las becas en ejecuci\u00f3n en el exterior (32) se van a mantener pero que el concurso que est\u00e1 en proceso no se va a continuar; en tanto que lo mismo pasar\u00e1 respecto de la promoci\u00f3n de investigadores que concursaron: se publicar\u00e1 el orden de m\u00e9rito pero no se har\u00e1 efectiva.<\/p>\n\n\n\n<p>&#8220;Las altas en investigadores se ir\u00edan dando a medida que haya presupuesto&#8221;, resalta la minuta filtrada.<\/p>\n\n\n\n<p>Adem\u00e1s, se describe que el Conicet est\u00e1 siendo auditado (desde el 2021), que no se podr\u00e1 hacer teletrabajo y que no se pagar\u00e1n horas extras. Que los programas Equipar y Construir est\u00e1n en riesgo y que como no hay gerente de Vinculaci\u00f3n nombrado por la nueva administraci\u00f3n, Mendoza tuvo que mandar tres convenios para que los firme la vicepresidenta Capurro.<\/p>\n\n\n\n<h2 class=\"wp-block-heading\">Silencio oficial<\/h2>\n\n\n\n<p>Despu\u00e9s de la filtraci\u00f3n de este documento,\u00a0<strong>oficialmente desde el Conicet han evitado confirmarlo o negarlo<\/strong>. &#8220;Hay mucha confusi\u00f3n y<strong>\u00a0las autoridades no quieren hablar<\/strong>\u00a0porque no tienen precisiones&#8221;, dijeron extraoficialmente cient\u00edficos.<\/p>\n\n\n\n<p>Lo que reclaman es que haya comunicaci\u00f3n formal sobre el funcionamiento del organismo y especialmente sobre el financiamiento.<\/p>\n\n\n\n<p>FUENTE: Diariouno.com.ar<\/p>\n","protected":false},"excerpt":{"rendered":"<p>Circul\u00f3 una minuta de una reuni\u00f3n que autoridades del Conicet mantuvieron con directores de los Centros Cient\u00edfico Tecnol\u00f3gicos. La misma da cuenta de la paralizaci\u00f3n de concursos y la falta de fondos para sueldos y becas. &#8220;No sabemos si es real ni qui\u00e9n la escribi\u00f3&#8221; &#8220;Minuta reuni\u00f3n de directores-as de CCTs 22-12-2023 con Claudia Capurro [&hellip;]<\/p>\n","protected":false},"author":2,"featured_media":4122,"comment_status":"open","ping_status":"open","sticky":true,"template":"","format":"standard","meta":[],"categories":[47],"tags":[],"_links":{"self":[{"href":"https:\/\/pasaenmendoza.com\/index.php?rest_route=\/wp\/v2\/posts\/4121"}],"collection":[{"href":"https:\/\/pasaenmendoza.com\/index.php?rest_route=\/wp\/v2\/posts"}],"about":[{"href":"https:\/\/pasaenmendoza.com\/index.php?rest_route=\/wp\/v2\/types\/post"}],"author":[{"embeddable":true,"href":"https:\/\/pasaenmendoza.com\/index.php?rest_route=\/wp\/v2\/users\/2"}],"replies":[{"embeddable":true,"href":"https:\/\/pasaenmendoza.com\/index.php?rest_route=%2Fwp%2Fv2%2Fcomments&post=4121"}],"version-history":[{"count":1,"href":"https:\/\/pasaenmendoza.com\/index.php?rest_route=\/wp\/v2\/posts\/4121\/revisions"}],"predecessor-version":[{"id":4123,"href":"https:\/\/pasaenmendoza.com\/index.php?rest_route=\/wp\/v2\/posts\/4121\/revisions\/4123"}],"wp:featuredmedia":[{"embeddable":true,"href":"https:\/\/pasaenmendoza.com\/index.php?rest_route=\/wp\/v2\/media\/4122"}],"wp:attachment":[{"href":"https:\/\/pasaenmendoza.com\/index.php?rest_route=%2Fwp%2Fv2%2Fmedia&parent=4121"}],"wp:term":[{"taxonomy":"category","embeddable":true,"href":"https:\/\/pasaenmendoza.com\/index.php?rest_route=%2Fwp%2Fv2%2Fcategories&post=4121"},{"taxonomy":"post_tag","embeddable":true,"href":"https:\/\/pasaenmendoza.com\/index.php?rest_route=%2Fwp%2Fv2%2Ftags&post=4121"}],"curies":[{"name":"wp","href":"https:\/\/api.w.org\/{rel}","templated":true}]}}