{"id":4124,"date":"2023-12-28T14:11:59","date_gmt":"2023-12-28T13:11:59","guid":{"rendered":"https:\/\/pasaenmendoza.com\/?p=4124"},"modified":"2023-12-28T14:23:36","modified_gmt":"2023-12-28T13:23:36","slug":"se-vienen-las-tormentas-a-mendoza","status":"publish","type":"post","link":"https:\/\/pasaenmendoza.com\/?p=4124","title":{"rendered":"Se vienen las tormentas a Mendoza"},"content":{"rendered":"\n<p>Este jueves el pron\u00f3stico para Gran Mendoza indica<strong>&nbsp;una jornada calurosa, con algunas tormentas aisladas.<\/strong><\/p>\n\n\n\n<p>Seg\u00fan el&nbsp;<strong>Servicio Meteorol\u00f3gico Nacional<\/strong>, en el Gran Mendoza la m\u00e1xima llegar\u00e1 a los<strong>&nbsp;32\u00b0.<\/strong>&nbsp;Tambi\u00e9n se esperan algunas tormentas aisladas a lo largo del d\u00eda, con mayor probabilidad durante la tarde.&nbsp;<\/p>\n\n\n\n<p>El&nbsp;<strong>viento<\/strong>&nbsp;se mantiene moderado desde el Este, pero en la tarde podr\u00eda haber algunas<strong>&nbsp;r\u00e1fagas de mediana intensidad.&nbsp;<\/strong><\/p>\n\n\n\n<p>La humedad se mantiene alta y las previsiones de lluvias y tormentas se mantendr\u00e1n intermitentemente al menos hasta el martes.&nbsp;<\/p>\n\n\n\n<p>Para ma\u00f1ana viernes, el pron\u00f3stico indica poco cambio de temperatura, con una&nbsp;<strong>m\u00e1xima de 31\u00b0 y tormentas aisladas por la ma\u00f1ana.&nbsp;<\/strong><\/p>\n\n\n\n<p><strong>Para el domingo de A\u00f1o Nuevo hay pron\u00f3stico de tormentas.&nbsp;<\/strong><\/p>\n\n\n\n<p><strong>Fuente: www.mendozapost.com<\/strong><\/p>\n","protected":false},"excerpt":{"rendered":"<p>Este jueves el pron\u00f3stico para Gran Mendoza indica&nbsp;una jornada calurosa, con algunas tormentas aisladas. Seg\u00fan el&nbsp;Servicio Meteorol\u00f3gico Nacional, en el Gran Mendoza la m\u00e1xima llegar\u00e1 a los&nbsp;32\u00b0.&nbsp;Tambi\u00e9n se esperan algunas tormentas aisladas a lo largo del d\u00eda, con mayor probabilidad durante la tarde.&nbsp; El&nbsp;viento&nbsp;se mantiene moderado desde el Este, pero en la tarde podr\u00eda haber [&hellip;]<\/p>\n","protected":false},"author":2,"featured_media":4125,"comment_status":"open","ping_status":"open","sticky":false,"template":"","format":"standard","meta":[],"categories":[52],"tags":[],"_links":{"self":[{"href":"https:\/\/pasaenmendoza.com\/index.php?rest_route=\/wp\/v2\/posts\/4124"}],"collection":[{"href":"https:\/\/pasaenmendoza.com\/index.php?rest_route=\/wp\/v2\/posts"}],"about":[{"href":"https:\/\/pasaenmendoza.com\/index.php?rest_route=\/wp\/v2\/types\/post"}],"author":[{"embeddable":true,"href":"https:\/\/pasaenmendoza.com\/index.php?rest_route=\/wp\/v2\/users\/2"}],"replies":[{"embeddable":true,"href":"https:\/\/pasaenmendoza.com\/index.php?rest_route=%2Fwp%2Fv2%2Fcomments&post=4124"}],"version-history":[{"count":1,"href":"https:\/\/pasaenmendoza.com\/index.php?rest_route=\/wp\/v2\/posts\/4124\/revisions"}],"predecessor-version":[{"id":4126,"href":"https:\/\/pasaenmendoza.com\/index.php?rest_route=\/wp\/v2\/posts\/4124\/revisions\/4126"}],"wp:featuredmedia":[{"embeddable":true,"href":"https:\/\/pasaenmendoza.com\/index.php?rest_route=\/wp\/v2\/media\/4125"}],"wp:attachment":[{"href":"https:\/\/pasaenmendoza.com\/index.php?rest_route=%2Fwp%2Fv2%2Fmedia&parent=4124"}],"wp:term":[{"taxonomy":"category","embeddable":true,"href":"https:\/\/pasaenmendoza.com\/index.php?rest_route=%2Fwp%2Fv2%2Fcategories&post=4124"},{"taxonomy":"post_tag","embeddable":true,"href":"https:\/\/pasaenmendoza.com\/index.php?rest_route=%2Fwp%2Fv2%2Ftags&post=4124"}],"curies":[{"name":"wp","href":"https:\/\/api.w.org\/{rel}","templated":true}]}}