{"id":4127,"date":"2023-12-28T14:22:35","date_gmt":"2023-12-28T13:22:35","guid":{"rendered":"https:\/\/pasaenmendoza.com\/?p=4127"},"modified":"2023-12-28T14:26:14","modified_gmt":"2023-12-28T13:26:14","slug":"una-nena-de-5-anos-fue-mordida-por-un-perro-y-esta-en-el-notti","status":"publish","type":"post","link":"https:\/\/pasaenmendoza.com\/?p=4127","title":{"rendered":"Una nena de 5 a\u00f1os fue mordida por un perro y est\u00e1 en el Notti"},"content":{"rendered":"\n<p>Una&nbsp;<strong>nena de 5 a\u00f1os fue atacada por un perro<\/strong>&nbsp;en la calle Soler de San Mart\u00edn y sufri\u00f3 lesiones que derivaron con su traslado al Hospital Notti.<\/p>\n\n\n\n<p>El hecho ocurri\u00f3 alrededor de las 19.30 de este mi\u00e9rcoles, cuando la nena se encontraba jugando con el animal y en un momento el perro la mordi\u00f3 en su cabeza y la lesion\u00f3.<\/p>\n\n\n\n<p>Se trata de un dogo argentino de importante tama\u00f1o, quien le provoc\u00f3 heridas en su cuero cabelludo.<\/p>\n\n\n\n<p>La ni\u00f1a fue trasladada al Hospital Perrupato, pero luego de asistirla la derivaron al Notti.<\/p>\n\n\n\n<p><strong>Fuente: www.mendozapost.com<\/strong><\/p>\n","protected":false},"excerpt":{"rendered":"<p>Una&nbsp;nena de 5 a\u00f1os fue atacada por un perro&nbsp;en la calle Soler de San Mart\u00edn y sufri\u00f3 lesiones que derivaron con su traslado al Hospital Notti. El hecho ocurri\u00f3 alrededor de las 19.30 de este mi\u00e9rcoles, cuando la nena se encontraba jugando con el animal y en un momento el perro la mordi\u00f3 en su [&hellip;]<\/p>\n","protected":false},"author":2,"featured_media":4132,"comment_status":"open","ping_status":"open","sticky":false,"template":"","format":"standard","meta":[],"categories":[48],"tags":[],"_links":{"self":[{"href":"https:\/\/pasaenmendoza.com\/index.php?rest_route=\/wp\/v2\/posts\/4127"}],"collection":[{"href":"https:\/\/pasaenmendoza.com\/index.php?rest_route=\/wp\/v2\/posts"}],"about":[{"href":"https:\/\/pasaenmendoza.com\/index.php?rest_route=\/wp\/v2\/types\/post"}],"author":[{"embeddable":true,"href":"https:\/\/pasaenmendoza.com\/index.php?rest_route=\/wp\/v2\/users\/2"}],"replies":[{"embeddable":true,"href":"https:\/\/pasaenmendoza.com\/index.php?rest_route=%2Fwp%2Fv2%2Fcomments&post=4127"}],"version-history":[{"count":2,"href":"https:\/\/pasaenmendoza.com\/index.php?rest_route=\/wp\/v2\/posts\/4127\/revisions"}],"predecessor-version":[{"id":4133,"href":"https:\/\/pasaenmendoza.com\/index.php?rest_route=\/wp\/v2\/posts\/4127\/revisions\/4133"}],"wp:featuredmedia":[{"embeddable":true,"href":"https:\/\/pasaenmendoza.com\/index.php?rest_route=\/wp\/v2\/media\/4132"}],"wp:attachment":[{"href":"https:\/\/pasaenmendoza.com\/index.php?rest_route=%2Fwp%2Fv2%2Fmedia&parent=4127"}],"wp:term":[{"taxonomy":"category","embeddable":true,"href":"https:\/\/pasaenmendoza.com\/index.php?rest_route=%2Fwp%2Fv2%2Fcategories&post=4127"},{"taxonomy":"post_tag","embeddable":true,"href":"https:\/\/pasaenmendoza.com\/index.php?rest_route=%2Fwp%2Fv2%2Ftags&post=4127"}],"curies":[{"name":"wp","href":"https:\/\/api.w.org\/{rel}","templated":true}]}}