{"id":4137,"date":"2023-12-28T14:38:52","date_gmt":"2023-12-28T13:38:52","guid":{"rendered":"https:\/\/pasaenmendoza.com\/?p=4137"},"modified":"2023-12-28T14:38:53","modified_gmt":"2023-12-28T13:38:53","slug":"un-policia-baleo-a-un-cliente-en-godoy-cruz-y-deberan-indemnizarlo-con-millones","status":"publish","type":"post","link":"https:\/\/pasaenmendoza.com\/?p=4137","title":{"rendered":"Un polic\u00eda bale\u00f3 a un cliente en Godoy Cruz y deber\u00e1n indemnizarlo con millones"},"content":{"rendered":"\n<p><strong>La noche del 2 de junio de 2019, en una estaci\u00f3n de servicio del Acceso Sur en Godoy Cruz, un empresario se baj\u00f3 de su camioneta en un minimarket sin saber que ah\u00ed recibir\u00eda unas de las experiencias m\u00e1s traum\u00e1ticas de su vida<\/strong>.<\/p>\n\n\n\n<p>Seg\u00fan detallan las c\u00e1maras de seguridad del lugar, el hombre se baj\u00f3 de su camioneta Amarok con la intenci\u00f3n de comprar algo en el minimarket. Sin embargo, \u00e9l no sab\u00eda lo que suced\u00eda en ese mismo momento.\u00a0<strong>Un ladr\u00f3n estaba dentro del comercio robando<\/strong>.<\/p>\n\n\n\n<p>El empleado que se encontraba en el lugar dio aviso a un polic\u00eda que estaba prestando servicios extraordinarios en la estaci\u00f3n. El empresario vio al hombre en cuesti\u00f3n y al delincuente, a quien asegur\u00f3 haber confundido con un empleado, pero no not\u00f3 lo que pasaba a su alrededor.<\/p>\n\n\n\n<p>El polic\u00eda en cuesti\u00f3n se acerc\u00f3, dio la voz de alto y, tras abrir la puerta, dispar\u00f3 contra el empresario. El ladr\u00f3n, por su parte, logr\u00f3 salir e intent\u00f3 escapar. Sin embargo, momentos despu\u00e9s, el ladr\u00f3n falleci\u00f3 a causa de otro disparo que le impact\u00f3 en la regi\u00f3n tor\u00e1cica.<\/p>\n\n\n\n<p>A ra\u00edz de las heridas recibidas y las consecuencias que trajo a su salud de manera irreversible, el empresario demand\u00f3 al Estado provincial, al polic\u00eda y a la estaci\u00f3n de servicio por una suma de $16.668.400 de pesos.<\/p>\n\n\n\n<p>En cuanto al detalle, el empresario se\u00f1al\u00f3 la incapacidad que le gener\u00f3 el ataque, los gastos de tratamiento y traslado, el da\u00f1o psicol\u00f3gico y el da\u00f1o moral.\u00a0<strong>Con el devenir del caso, las cifras cambiaron y ahora deber\u00e1n indemnizarlo por m\u00e1s de 100 millones de pesos<\/strong>.<\/p>\n\n\n\n<p>En las \u00faltimas horas, se conoci\u00f3 que el Tribunal de Gesti\u00f3n Asociada Tercero, dictamin\u00f3 que existi\u00f3 responsabilidad recurrente por parte de las tres partes demandadas. El uniformado, quien fue condenado; el Estado debido a que el uniformado se encontraba en una continuaci\u00f3n de los servicios ordinarios; y la empresa, a ra\u00edz de la relaci\u00f3n de consumo con el cliente.<\/p>\n\n\n\n<p>La indemnizaci\u00f3n en cuesti\u00f3n podr\u00e1 ser apelada, ya que se trata de un fallo en primera instancia. C\u00f3mo se compone la misma: debido al incidente que le dej\u00f3 un 51% es el porcentaje de incapacidad parcial y permanente, deber\u00e1n pagarle $78.000.000 por los da\u00f1os sufridos y gastos m\u00e9dicos por $360.000.<\/p>\n\n\n\n<p><strong>Adem\u00e1s, un pago por $15.000.000 por da\u00f1o moral, lo que da un total de $93.860.000, m\u00e1s los intereses correspondientes, lo que eleva la cifra a m\u00e1s de $113 millones de pesos<\/strong>.\u00a0<\/p>\n\n\n\n<p><strong>Fuente: www.mendozapost.com<\/strong><\/p>\n","protected":false},"excerpt":{"rendered":"<p>La noche del 2 de junio de 2019, en una estaci\u00f3n de servicio del Acceso Sur en Godoy Cruz, un empresario se baj\u00f3 de su camioneta en un minimarket sin saber que ah\u00ed recibir\u00eda unas de las experiencias m\u00e1s traum\u00e1ticas de su vida. Seg\u00fan detallan las c\u00e1maras de seguridad del lugar, el hombre se baj\u00f3 [&hellip;]<\/p>\n","protected":false},"author":2,"featured_media":4138,"comment_status":"open","ping_status":"open","sticky":false,"template":"","format":"standard","meta":[],"categories":[48],"tags":[],"_links":{"self":[{"href":"https:\/\/pasaenmendoza.com\/index.php?rest_route=\/wp\/v2\/posts\/4137"}],"collection":[{"href":"https:\/\/pasaenmendoza.com\/index.php?rest_route=\/wp\/v2\/posts"}],"about":[{"href":"https:\/\/pasaenmendoza.com\/index.php?rest_route=\/wp\/v2\/types\/post"}],"author":[{"embeddable":true,"href":"https:\/\/pasaenmendoza.com\/index.php?rest_route=\/wp\/v2\/users\/2"}],"replies":[{"embeddable":true,"href":"https:\/\/pasaenmendoza.com\/index.php?rest_route=%2Fwp%2Fv2%2Fcomments&post=4137"}],"version-history":[{"count":1,"href":"https:\/\/pasaenmendoza.com\/index.php?rest_route=\/wp\/v2\/posts\/4137\/revisions"}],"predecessor-version":[{"id":4139,"href":"https:\/\/pasaenmendoza.com\/index.php?rest_route=\/wp\/v2\/posts\/4137\/revisions\/4139"}],"wp:featuredmedia":[{"embeddable":true,"href":"https:\/\/pasaenmendoza.com\/index.php?rest_route=\/wp\/v2\/media\/4138"}],"wp:attachment":[{"href":"https:\/\/pasaenmendoza.com\/index.php?rest_route=%2Fwp%2Fv2%2Fmedia&parent=4137"}],"wp:term":[{"taxonomy":"category","embeddable":true,"href":"https:\/\/pasaenmendoza.com\/index.php?rest_route=%2Fwp%2Fv2%2Fcategories&post=4137"},{"taxonomy":"post_tag","embeddable":true,"href":"https:\/\/pasaenmendoza.com\/index.php?rest_route=%2Fwp%2Fv2%2Ftags&post=4137"}],"curies":[{"name":"wp","href":"https:\/\/api.w.org\/{rel}","templated":true}]}}