{"id":4143,"date":"2023-12-28T14:50:42","date_gmt":"2023-12-28T13:50:42","guid":{"rendered":"https:\/\/pasaenmendoza.com\/?p=4143"},"modified":"2023-12-28T14:50:43","modified_gmt":"2023-12-28T13:50:43","slug":"a-pesar-de-las-estrategias-el-nivel-de-reservas-para-veranear-en-mendoza-sigue-en-baja","status":"publish","type":"post","link":"https:\/\/pasaenmendoza.com\/?p=4143","title":{"rendered":"A pesar de las estrategias, el nivel de reservas para veranear en Mendoza sigue en baja"},"content":{"rendered":"\n<p><strong>Mendoza&nbsp;<\/strong>es uno de los destinos que en los \u00faltimos a\u00f1os se ha posicionado como favoritos a la hora de vacacionar. A diferencia de otros lugares, la provincia se destaca porque todo el a\u00f1o recibe visitantes, sin embargo, hay mucha preocupaci\u00f3n por parte del sector privado y el Gobierno, ya que la tendencia indica que el 2024 ser\u00e1 complejo en materia tur\u00edstica.<\/p>\n\n\n\n<p>De acuerdo con informaci\u00f3n proporcionada por las autoridades del Ente Mendoza Turismo (Emetur),\u00a0<mark>el nivel de reservas para el verano ronda el 40% (en promedio), es decir, 10 puntos menos de lo ocurrido en el mismo periodo del 2023.<\/mark><\/p>\n\n\n\n<p>Cabe aclarar que\u00a0<mark>Mendoza ya viene con niveles de reservas en baja, al menos durante el verano<\/mark>, de hecho, durante la primera quincena de este a\u00f1o la ca\u00edda registrada rond\u00f3 el 36%: de 220 mil turistas que hubo en el mismo periodo del 2022, se pas\u00f3 a 140 mil.<\/p>\n\n\n\n<p>Desde Emetur expresaron que&nbsp;<em>\u201cteniendo en cuenta la situaci\u00f3n econ\u00f3mica del pa\u00eds, para el verano 2024 se espera mucho turismo interno, es decir, oriundo de Mendoza, aunque tambi\u00e9n se prev\u00e9 la presencia de visitantes nacionales y extranjeros\u201d.<\/em><\/p>\n\n\n\n<p><em>\u201cLa gente est\u00e1 recortando muchos gastos dentro de su n\u00facleo familiar, entre ellos, figuran las vacaciones y San Rafael no est\u00e1 ajeno a esa realidad. Hoy vemos que el turismo internacional es el \u00fanico que puede ayudarnos a solventar la temporada, ya que el poder adquisitivo de la clase media se vio disminuido, por ello, son pocos los argentinos que piensan en tener vacaciones\u201d,<\/em>\u00a0expres\u00f3\u00a0<strong>Fabio Sat<\/strong>, miembro de la C\u00e1mara de Turismo de San Rafael.<\/p>\n\n\n\n<p>Asimismo, el empresario asegur\u00f3 que los que vacacionen se inclinar\u00e1n por lugares de cercan\u00eda, por el fuerte impacto que sufri\u00f3 el precio del combustible.<\/p>\n\n\n\n<p><em>\u201cLa temporada ser\u00e1 dif\u00edcil y zafar\u00e1n aquellos destinos que hicieron una muy buena promoci\u00f3n, que se hayan adaptado a las circunstancias del pa\u00eds. Hoy lo que se observa en San Rafael es que hay muchas consultas y pocas reservas. El nivel de estad\u00eda no supera las tres noches\u201d,<\/em>\u00a0agreg\u00f3.<\/p>\n\n\n\n<p><strong>Una estrategia para reactivar<\/strong><\/p>\n\n\n\n<p>Teniendo en cuenta el panorama que atraviesa el pa\u00eds, signado por la incertidumbre econ\u00f3mica,&nbsp;<mark>el Gobierno relanz\u00f3 la promoci\u00f3n Sale Mendoza, con un 30% de descuentos en servicios tur\u00edsticos para mendocinos y visitantes nacionales.<\/mark><\/p>\n\n\n\n<p><em>\u201cSomos la primera provincia del pa\u00eds en implementar este tipo de beneficios y el objetivo principal es fomentar no solo la visita de turistas nacionales a Mendoza, sino tambi\u00e9n proporcionar opciones a los residentes locales para que exploren toda la provincia\u201d,<\/em>\u00a0advirti\u00f3 Testa durante el lanzamiento.<\/p>\n\n\n\n<p><strong>A\u00f1o Nuevo, en alza<\/strong><\/p>\n\n\n\n<p>Si bien las vacaciones comienzan a sentirse en Mendoza desde el 5 de enero en adelante, los n\u00fameros para este cierre de a\u00f1o no est\u00e1n tan mal, al menos,&nbsp;<mark>se observa un crecimiento respecto a lo ocurrido durante la Navidad&nbsp;<\/mark><mark>que, en promedio, registr\u00f3 un 52% de reservas.<\/mark><\/p>\n\n\n\n<p>Seg\u00fan datos oficiales, el nivel de reserva para A\u00f1o Nuevo es del 75% y se espera que se afiance en el 80%.<\/p>\n\n\n\n<p><strong>Chile, cada vez m\u00e1s lejos<\/strong><\/p>\n\n\n\n<p>Pese a que<mark>\u00a0Chile siempre fue un destino elegido por los mendocinos para vacacionar,\u00a0<\/mark>sobre todo, por la cercan\u00eda, el pr\u00f3ximo a\u00f1o\u00a0<mark>ser\u00e1n pocos los locales que decidan viajar<\/mark>. Las principales razones son el cambio desfavorable y el alto costo del combustible.<\/p>\n\n\n\n<p><mark>Los que opten por ir en auto, s\u00f3lo para viajar tendr\u00e1n que pensar entre 30 y 40 mil pesos (ida y vuelta) en combustible<\/mark>, sin mover el auto, es decir, llegar y estacionarlo durante la estad\u00eda, algo casi imposible.<\/p>\n\n\n\n<p><em>\u201cHace tiempo que se observa una merma en el paso a Chile, tanto de mendocinos que viajan hacia el vecino pa\u00eds como de chilenos que ingresan a Argentina\u201d,\u00a0<\/em>indicaron desde Gendarmer\u00eda.<\/p>\n\n\n\n<p>En cuanto a las reservas para este verano, agentes de turismo de Chile informaron que&nbsp;<em>\u201chay pocas reservas de argentinos y de mendocinos\u201d.&nbsp;<\/em>Asimismo, informaron que&nbsp;<mark>muchos de los trasandinos que ten\u00edan pensado vacacionar en Argentina, especialmente en Bariloche, cancelaron las reservas<\/mark>&nbsp;por la inestabilidad econ\u00f3mica del pa\u00eds.<\/p>\n\n\n\n<p>Pese a ello, este fin de semana, cuando se celebre la llegada del A\u00f1o Nuevo, las autoridades estiman que el flujo vehicular en el\u00a0<strong>Sistema Integrado Cristo Redentor\u00a0<\/strong>aumentar\u00e1, ya que son muchos los mendocinos que tienen como tradici\u00f3n celebrar en Chile, pero ser\u00e1 esa fecha particular y no mucho m\u00e1s.<\/p>\n\n\n\n<p><em>\u201cDesde que Javier Milei anunci\u00f3 sus primeras medidas y llegaron los aumentos de precios, el panorama para los chilenos que ven\u00edan a Mendoza cambi\u00f3. S\u00f3lo les conviene viajar por algunos productos, pero no es lo de antes, la mayor\u00eda de los tours de compras desaparecieron\u201d<\/em>, informaron.<\/p>\n\n\n\n<p><strong>Fuente: www.elsol.com.ar<\/strong><\/p>\n","protected":false},"excerpt":{"rendered":"<p>Mendoza&nbsp;es uno de los destinos que en los \u00faltimos a\u00f1os se ha posicionado como favoritos a la hora de vacacionar. A diferencia de otros lugares, la provincia se destaca porque todo el a\u00f1o recibe visitantes, sin embargo, hay mucha preocupaci\u00f3n por parte del sector privado y el Gobierno, ya que la tendencia indica que el [&hellip;]<\/p>\n","protected":false},"author":2,"featured_media":4144,"comment_status":"open","ping_status":"open","sticky":false,"template":"","format":"standard","meta":[],"categories":[50],"tags":[],"_links":{"self":[{"href":"https:\/\/pasaenmendoza.com\/index.php?rest_route=\/wp\/v2\/posts\/4143"}],"collection":[{"href":"https:\/\/pasaenmendoza.com\/index.php?rest_route=\/wp\/v2\/posts"}],"about":[{"href":"https:\/\/pasaenmendoza.com\/index.php?rest_route=\/wp\/v2\/types\/post"}],"author":[{"embeddable":true,"href":"https:\/\/pasaenmendoza.com\/index.php?rest_route=\/wp\/v2\/users\/2"}],"replies":[{"embeddable":true,"href":"https:\/\/pasaenmendoza.com\/index.php?rest_route=%2Fwp%2Fv2%2Fcomments&post=4143"}],"version-history":[{"count":1,"href":"https:\/\/pasaenmendoza.com\/index.php?rest_route=\/wp\/v2\/posts\/4143\/revisions"}],"predecessor-version":[{"id":4145,"href":"https:\/\/pasaenmendoza.com\/index.php?rest_route=\/wp\/v2\/posts\/4143\/revisions\/4145"}],"wp:featuredmedia":[{"embeddable":true,"href":"https:\/\/pasaenmendoza.com\/index.php?rest_route=\/wp\/v2\/media\/4144"}],"wp:attachment":[{"href":"https:\/\/pasaenmendoza.com\/index.php?rest_route=%2Fwp%2Fv2%2Fmedia&parent=4143"}],"wp:term":[{"taxonomy":"category","embeddable":true,"href":"https:\/\/pasaenmendoza.com\/index.php?rest_route=%2Fwp%2Fv2%2Fcategories&post=4143"},{"taxonomy":"post_tag","embeddable":true,"href":"https:\/\/pasaenmendoza.com\/index.php?rest_route=%2Fwp%2Fv2%2Ftags&post=4143"}],"curies":[{"name":"wp","href":"https:\/\/api.w.org\/{rel}","templated":true}]}}