{"id":4158,"date":"2023-12-29T13:03:35","date_gmt":"2023-12-29T12:03:35","guid":{"rendered":"https:\/\/pasaenmendoza.com\/?p=4158"},"modified":"2023-12-29T13:03:36","modified_gmt":"2023-12-29T12:03:36","slug":"el-mendocino-mario-isgro-se-suma-al-gabinete-de-milei","status":"publish","type":"post","link":"https:\/\/pasaenmendoza.com\/?p=4158","title":{"rendered":"El mendocino Mario Isgro se suma al gabinete de Milei"},"content":{"rendered":"\n<p>El arquitecto\u00a0<strong>Mario Isgro, exministro de Planificaci\u00f3n e Infraestructura en Mendoza, se unir\u00e1 al gabinete\u00a0<\/strong>liderado por\u00a0<strong>Javier Mile<\/strong>i. Esta decisi\u00f3n marca un cambio significativo al acompa\u00f1ar al\u00a0<strong>ministro de Infraestructura de la Naci\u00f3n, Guillermo Ferraro, y al secretario de Vivienda de la Naci\u00f3n, H\u00e9ctor Lostri,<\/strong>\u00a0en un esfuerzo por redirigir la pol\u00edtica nacional en t\u00e9rminos de desarrollo urbano y vivienda.<\/p>\n\n\n\n<p>Isgro, en una entrevista con el programa &#8220;<em>Ten\u00e9s que saberlo<\/em>&#8221; en Radio Jornada 91.9,<strong>\u00a0hab\u00eda expresado su intenci\u00f3n de retirarse<\/strong>\u00a0para trabajar en la planificaci\u00f3n de ciudades en Am\u00e9rica Latina. Sin embargo, la invitaci\u00f3n del equipo liderado por Milei lo lleva a reconsiderar sus planes,\u00a0<strong>posiblemente asumiendo el cargo de subsecretario de Vivienda de la Naci\u00f3n.\u00a0<\/strong><\/p>\n\n\n\n<p>El Ministerio de Infraestructura, bajo el liderazgo de Milei, ha experimentado una reestructuraci\u00f3n importante y la cartera de Vivienda recupera su estatus de secretar\u00eda, marcando la desaparici\u00f3n del Ministerio de Desarrollo Territorial y H\u00e1bitat como parte del plan de reducci\u00f3n del Estado.<\/p>\n\n\n\n<p>La<strong>\u00a0llegada de Isgro al equipo de Milei\u00a0<\/strong>sugiere un enfoque renovado en la planificaci\u00f3n y\u00a0<strong>ejecuci\u00f3n de proyectos de infraestructura y vivienda.<\/strong>\u00a0<\/p>\n\n\n\n<p>FUENTE: Mendozapost.<\/p>\n\n\n\n<p><\/p>\n","protected":false},"excerpt":{"rendered":"<p>El arquitecto\u00a0Mario Isgro, exministro de Planificaci\u00f3n e Infraestructura en Mendoza, se unir\u00e1 al gabinete\u00a0liderado por\u00a0Javier Milei. Esta decisi\u00f3n marca un cambio significativo al acompa\u00f1ar al\u00a0ministro de Infraestructura de la Naci\u00f3n, Guillermo Ferraro, y al secretario de Vivienda de la Naci\u00f3n, H\u00e9ctor Lostri,\u00a0en un esfuerzo por redirigir la pol\u00edtica nacional en t\u00e9rminos de desarrollo urbano y [&hellip;]<\/p>\n","protected":false},"author":2,"featured_media":4159,"comment_status":"open","ping_status":"open","sticky":true,"template":"","format":"standard","meta":[],"categories":[47],"tags":[],"_links":{"self":[{"href":"https:\/\/pasaenmendoza.com\/index.php?rest_route=\/wp\/v2\/posts\/4158"}],"collection":[{"href":"https:\/\/pasaenmendoza.com\/index.php?rest_route=\/wp\/v2\/posts"}],"about":[{"href":"https:\/\/pasaenmendoza.com\/index.php?rest_route=\/wp\/v2\/types\/post"}],"author":[{"embeddable":true,"href":"https:\/\/pasaenmendoza.com\/index.php?rest_route=\/wp\/v2\/users\/2"}],"replies":[{"embeddable":true,"href":"https:\/\/pasaenmendoza.com\/index.php?rest_route=%2Fwp%2Fv2%2Fcomments&post=4158"}],"version-history":[{"count":1,"href":"https:\/\/pasaenmendoza.com\/index.php?rest_route=\/wp\/v2\/posts\/4158\/revisions"}],"predecessor-version":[{"id":4160,"href":"https:\/\/pasaenmendoza.com\/index.php?rest_route=\/wp\/v2\/posts\/4158\/revisions\/4160"}],"wp:featuredmedia":[{"embeddable":true,"href":"https:\/\/pasaenmendoza.com\/index.php?rest_route=\/wp\/v2\/media\/4159"}],"wp:attachment":[{"href":"https:\/\/pasaenmendoza.com\/index.php?rest_route=%2Fwp%2Fv2%2Fmedia&parent=4158"}],"wp:term":[{"taxonomy":"category","embeddable":true,"href":"https:\/\/pasaenmendoza.com\/index.php?rest_route=%2Fwp%2Fv2%2Fcategories&post=4158"},{"taxonomy":"post_tag","embeddable":true,"href":"https:\/\/pasaenmendoza.com\/index.php?rest_route=%2Fwp%2Fv2%2Ftags&post=4158"}],"curies":[{"name":"wp","href":"https:\/\/api.w.org\/{rel}","templated":true}]}}