{"id":4161,"date":"2023-12-29T13:10:30","date_gmt":"2023-12-29T12:10:30","guid":{"rendered":"https:\/\/pasaenmendoza.com\/?p=4161"},"modified":"2023-12-29T13:10:31","modified_gmt":"2023-12-29T12:10:31","slug":"las-9-razones-que-la-coviar-presentara-ante-la-nacion-para-pelear-contra-las-retenciones-al-vino","status":"publish","type":"post","link":"https:\/\/pasaenmendoza.com\/?p=4161","title":{"rendered":"Las 9 razones que la COVIAR presentar\u00e1 ante la Naci\u00f3n para pelear contra las retenciones al vino"},"content":{"rendered":"\n<p>El martes 2 de enero qued\u00f3 agendado un encuentro entre el presidente de la COVIAR, Mario Gonz\u00e1lez, y el secretario de Agricultura nacional, Fernando Vilella. All\u00ed se plantear\u00e1n los argumentos para mantener al vino exento de derechos de exportaci\u00f3n<\/p>\n\n\n\n<p>El presidente de la\u00a0<strong>COVIAR<\/strong>, Mario Gonz\u00e1lez, se reunir\u00e1 con el secretario de Agricultura de la Naci\u00f3n, Fernando Vilella, el\u00a0<strong>martes 2 de enero<\/strong>. As\u00ed lo agendaron despu\u00e9s de que el Gobierno nacional anunciara la vuelta de las retenciones al vino, pero esta vez con del 8%.<\/p>\n\n\n\n<p>La Corporaci\u00f3n vitivin\u00edcola dar\u00e1 sus argumentos al funcionario nacional para\u00a0<strong>recuperar el cero en materia de derechos de exportaci\u00f3n<\/strong>. Entre ellos, se encuentra el valor agregado del vino, la generaci\u00f3n de empleo de la industria, la distribuci\u00f3n territorial de la misma y la ca\u00edda de las exportaciones.<\/p>\n\n\n\n<p>Dijo tambi\u00e9n el presidente de la COVIAR\u00a0que, a diferencia de lo que sucede con otros productos, en el &#8220;vino, la explotaci\u00f3n no la concentran dos o tres empresarios sino que est\u00e1 en manos de 500 productores&#8221;.<\/p>\n\n\n\n<h2 class=\"wp-block-heading\">Los argumentos de los bodegueros para pelea por las retenciones cero<\/h2>\n\n\n\n<p>Si bien el pedido de reuni\u00f3n con Vilella estaba gestionado desde antes, con la intenci\u00f3n de comenzar a fortalecer v\u00ednculos con los nuevos funcionarios nacionales y presentar un balance de la situaci\u00f3n de la vitivinicultura,&nbsp;<strong>despu\u00e9s del anuncio sobre los derechos de exportaci\u00f3n se insisti\u00f3 en la concreci\u00f3n<\/strong>.<\/p>\n\n\n\n<p>As\u00ed como Bodegas de Argentina prepara su informe para defender el cero en las retenciones;\u00a0<strong>la COVIAR se apoyar\u00e1 en un documento realizado por el Observatorio Vitivin\u00edcola<\/strong>\u00a0<strong>Argentino\u00a0<\/strong>que fundamenta\u00a0<strong>por qu\u00e9 la vitivinicultura argentina debe continuar exenta del pago de derechos de exportaci\u00f3n<\/strong>.<\/p>\n\n\n\n<p>&#8220;No hay razones para incluir al vino en las retenciones&#8221;, dice Gonz\u00e1lez, pero adem\u00e1s pone el ojo en el cu\u00e1nto: &#8220;El 8% es much\u00edsimo&#8221;.<\/p>\n\n\n\n<p><strong>Los argumentos que presentar\u00e1 Gonz\u00e1lez<\/strong>&nbsp;ante la Naci\u00f3n son:<\/p>\n\n\n\n<ul>\n<li><strong>Gran cantidad de empresas exportadora<\/strong>: alrededor de 500 exportadores en 15 provincias, la mayor parte peque\u00f1as y medianas empresas. Una modificaci\u00f3n en los derechos de exportaci\u00f3n afectar\u00eda a este universo de empresas.<\/li>\n\n\n\n<li><strong>Valor agregado<\/strong>: la cadena vitivin\u00edcola es generadora de empleo y en relaci\u00f3n a ello, de valor agregado.<\/li>\n\n\n\n<li><strong>Distribuci\u00f3n territorial<\/strong>: 16 provincias cuentan con establecimientos vitivin\u00edcolas y 18 provincias producen uva lo que marca el car\u00e1cter federal de la actividad.<\/li>\n\n\n\n<li><strong>Alto impacto socioecon\u00f3mico<\/strong>: en datos de 2021, la cadena vitivin\u00edcola (vino) es superior a otras cadenas agroindustriales del pa\u00eds en relaci\u00f3n a: cantidad de empleo cada mill\u00f3n de d\u00f3lares exportado; cantidad de destinos internacionales a los que llega; cantidad de empleo generado cada 100 hect\u00e1reas; valor agregado por hect\u00e1rea; d\u00f3lares exportados por hect\u00e1rea. Solo era superada por la cadena sojera en t\u00e9rminos de derechos de exportaci\u00f3n por hect\u00e1rea ya que en el 2022 la cadena tributaba derechos de exportaci\u00f3n y posteriormente fueron eliminados.<\/li>\n\n\n\n<li><strong>Demanda de insumos y generadora neta de divisas<\/strong>: la cadena vitivin\u00edcola demanda un n\u00famero importante de insumos, la mayor parte de origen local por lo cual es una actividad neta en lo que respecta a generaci\u00f3n de divisas. En estimaci\u00f3n considerando el a\u00f1o 2022, se demandaron alrededor de 835 millones de d\u00f3lares en insumos de los cuales alrededor de 535 millones son nacionales y el resto importados (esto solo considera al vino).<\/li>\n\n\n\n<li><strong>Alta presi\u00f3n impositiva<\/strong>: seg\u00fan el informe de la Universidad Nacional de Cuyo &#8220;Estimaci\u00f3n de la carga impositiva que soporta la vitivinicultura argentina&#8221;, para una bodega peque\u00f1a, casi el 80% del excedente de explotaci\u00f3n se paga al Estado (nacional, provincial y municipal) en materia de impuestos, mientras que para una bodega grande es el 70% aproximadamente.<\/li>\n\n\n\n<li><strong>Ca\u00edda de exportaciones<\/strong>: en t\u00e9rminos de volumen, todos los productos vitivin\u00edcolas registraron bajas en sus exportaciones en 2022 respecto a 2021 y la ca\u00edda continu\u00f3 en el 2023. &#8220;Se han perdido 70 millones de litros de vino y alrededor de 40.000 toneladas de mosto&#8221;, dice la COVIAR.<\/li>\n\n\n\n<li><strong>Cosecha baja 2023<\/strong>: la \u00faltima cosecha fue la m\u00e1s baja de los \u00faltimos 60 a\u00f1os. Se espera una recuperaci\u00f3n en 2024, no obstante en t\u00e9rminos productivos el a\u00f1o fue negativo.<\/li>\n\n\n\n<li><strong>Cambios en el costo energ\u00e9tico<\/strong>: la concreci\u00f3n de una modificaci\u00f3n en el costo energ\u00e9tico (combustibles f\u00f3siles y energ\u00eda el\u00e9ctrica) impactar\u00e1 negativamente en la producci\u00f3n de uva y en las bodegas. Para el caso de la producci\u00f3n en Mendoza alrededor del 50% de la superficie es irrigada a trav\u00e9s de pozos subterr\u00e1neos, este porcentaje se incrementa en provincias como San Juan y La Rioja llegando a casi el 100%.<\/li>\n<\/ul>\n\n\n\n<h2 class=\"wp-block-heading\">La evaluaci\u00f3n de la Uni\u00f3n Vitivin\u00edcola Argentina<\/h2>\n\n\n\n<p>La c\u00e1mara gremio-empresaria consign\u00f3 adem\u00e1s a&nbsp;<em><strong>Informe Nihuil<\/strong><\/em>&nbsp;una ecuaci\u00f3n que presentar\u00e1n a los legisladores nacionales de Mendoza.<\/p>\n\n\n\n<p>Seg\u00fan una evaluaci\u00f3n de producto, si se toma en cuenta el valor de exportaci\u00f3n, la imposici\u00f3n al vino como l\u00edquido llega al 32%, ya que el gravamen no se aplica solo sobre la bebida sino tambi\u00e9n sobre todos los insumos secos, de los cuales muchos son importados y pagan el impuesto PAIS del 35%.<\/p>\n\n\n\n<p>&#8220;Una caja de vino de 40 USD FOB, el vino es aproximadamente 10 USD FOB. La retenci\u00f3n del 8% en esa caja implicar\u00eda 3,2 d\u00f3lares, lo que significa el 32% del valor del vino (porque el derecho de exportaci\u00f3n aplica al producto completo y no al vino solamente).<\/p>\n\n\n\n<p>&#8220;Queremos informar a nuestros legisladores y autoridades de esta situaci\u00f3n para que tengan conciencia del perjuicio que conlleva&#8221;, se\u00f1alaron desde la UVA.<\/p>\n\n\n\n<p>FUENTE: Diariouno.com.ar <\/p>\n","protected":false},"excerpt":{"rendered":"<p>El martes 2 de enero qued\u00f3 agendado un encuentro entre el presidente de la COVIAR, Mario Gonz\u00e1lez, y el secretario de Agricultura nacional, Fernando Vilella. All\u00ed se plantear\u00e1n los argumentos para mantener al vino exento de derechos de exportaci\u00f3n El presidente de la\u00a0COVIAR, Mario Gonz\u00e1lez, se reunir\u00e1 con el secretario de Agricultura de la Naci\u00f3n, [&hellip;]<\/p>\n","protected":false},"author":2,"featured_media":4162,"comment_status":"open","ping_status":"open","sticky":true,"template":"","format":"standard","meta":[],"categories":[47],"tags":[],"_links":{"self":[{"href":"https:\/\/pasaenmendoza.com\/index.php?rest_route=\/wp\/v2\/posts\/4161"}],"collection":[{"href":"https:\/\/pasaenmendoza.com\/index.php?rest_route=\/wp\/v2\/posts"}],"about":[{"href":"https:\/\/pasaenmendoza.com\/index.php?rest_route=\/wp\/v2\/types\/post"}],"author":[{"embeddable":true,"href":"https:\/\/pasaenmendoza.com\/index.php?rest_route=\/wp\/v2\/users\/2"}],"replies":[{"embeddable":true,"href":"https:\/\/pasaenmendoza.com\/index.php?rest_route=%2Fwp%2Fv2%2Fcomments&post=4161"}],"version-history":[{"count":1,"href":"https:\/\/pasaenmendoza.com\/index.php?rest_route=\/wp\/v2\/posts\/4161\/revisions"}],"predecessor-version":[{"id":4163,"href":"https:\/\/pasaenmendoza.com\/index.php?rest_route=\/wp\/v2\/posts\/4161\/revisions\/4163"}],"wp:featuredmedia":[{"embeddable":true,"href":"https:\/\/pasaenmendoza.com\/index.php?rest_route=\/wp\/v2\/media\/4162"}],"wp:attachment":[{"href":"https:\/\/pasaenmendoza.com\/index.php?rest_route=%2Fwp%2Fv2%2Fmedia&parent=4161"}],"wp:term":[{"taxonomy":"category","embeddable":true,"href":"https:\/\/pasaenmendoza.com\/index.php?rest_route=%2Fwp%2Fv2%2Fcategories&post=4161"},{"taxonomy":"post_tag","embeddable":true,"href":"https:\/\/pasaenmendoza.com\/index.php?rest_route=%2Fwp%2Fv2%2Ftags&post=4161"}],"curies":[{"name":"wp","href":"https:\/\/api.w.org\/{rel}","templated":true}]}}