{"id":4170,"date":"2023-12-29T14:00:50","date_gmt":"2023-12-29T13:00:50","guid":{"rendered":"https:\/\/pasaenmendoza.com\/?p=4170"},"modified":"2023-12-29T14:00:51","modified_gmt":"2023-12-29T13:00:51","slug":"enviaron-a-juicio-a-los-acusados-de-matar-al-fletero-de-guaymallen-y-arriesgan-perpetua","status":"publish","type":"post","link":"https:\/\/pasaenmendoza.com\/?p=4170","title":{"rendered":"Enviaron a juicio a los acusados de matar al fletero de Guaymall\u00e9n y arriesgan perpetua"},"content":{"rendered":"\n<p>El juez<strong>&nbsp;Sebasti\u00e1n Sarmiento<\/strong>&nbsp;rechaz\u00f3 este jueves el cambio de calificaci\u00f3n solicitado por las defensas de los dos detenidos del crimen durante un asalto del fletero&nbsp;<strong>Juan Mauricio Villanueva<\/strong>, perpetrado en abril del a\u00f1o pasado en Guaymall\u00e9n, y confirm\u00f3 de esta forma la elevaci\u00f3n juicio de la causa por una calificaci\u00f3n que prev\u00e9<strong>&nbsp;prisi\u00f3n perpetua<\/strong>.<\/p>\n\n\n\n<p>A trav\u00e9s de sus defensas, los imputados,\u00a0<strong>Marcelo Gast\u00f3n Mendoza Carrizo<\/strong>\u00a0y\u00a0<strong>Gabriel Alejandro Romero Brasil<\/strong>, hab\u00edan cuestionado la citaci\u00f3n a debate y solicitaban, cada parte son sus argumentos, un cambio de calificaci\u00f3n a homicidio en ocasi\u00f3n de robo, que prev\u00e9 una pena mucho menor. En el caso de Mendoza Carrizo, tambi\u00e9n pidieron el sobreseimiento.<\/p>\n\n\n\n<p>Sin embargo,&nbsp;<mark>Sarmiento no hizo lugar a los planteos de los representantes legales y aval\u00f3 la instrucci\u00f3n que lidera la fiscal de&nbsp;<strong>Homicidios Claudia R\u00edos<\/strong><\/mark>.<\/p>\n\n\n\n<p>Tanto Mendoza como Romero seguir\u00e1n presos y deber\u00e1n sentarse en el banquillo de los acusados de un juicio por jurado (si no hay modificaciones en el futuro)\u00a0<strong>por homicidio criminis causa en concurso real con robo agravado por el uso de arma de fuego.<\/strong><\/p>\n\n\n\n<p><strong>Sorprendido cuando llegaba a su casa<\/strong><\/p>\n\n\n\n<p>El domingo 10 de abril,<mark>&nbsp;Villanueva fue asaltado cuando llegaba junto a su madre a su casa de calle Gutenberg al 2300<\/mark>, en Belgrano. Fue cuando la v\u00edctima estaba abriendo el garage para guardar su&nbsp;<strong>Nissan Frontier gris<\/strong>, que dos maleantes se subieron a la camioneta en marcha y tiraron al asfalto a su progenitora, que esperaba sentada del lado del acompa\u00f1ante.<\/p>\n\n\n\n<p>Cuando el hombre advirti\u00f3 la situaci\u00f3n, los autores aceleraron para iniciar su escape. Villanueva pens\u00f3 que su madre continuaba subida en el veh\u00edculo, por lo que corri\u00f3 y se colg\u00f3 de la cajuela.<mark>\u00a0Los asaltantes hicieron algunos metros y uno de ellos le propin\u00f3 al fletero un disparo en el pecho<\/mark>, arroj\u00e1ndolo a la calle en el cruce de Gutenberg y Los \u00c1lamos.<\/p>\n\n\n\n<p>Villanueva qued\u00f3 internado en grave estado y fue inducido a un coma farmacol\u00f3gico despu\u00e9s de que lo intervinieron para retirarle el plomo. Mientras luchaba por su vida, su camioneta fue hallada el martes 12 prendida fuego en un descampado de calle Bufano, en Las Heras.<\/p>\n\n\n\n<p>Una semana m\u00e1s tarde, el martes 19, el trabajador falleci\u00f3 en el Hospital Central y la investigaci\u00f3n se profundiz\u00f3. Con el paso de los d\u00edas, las pistas condujeron a los detectives hacia Mendoza y Romero, quienes fueron capturados el lunes 26 de ese mes.<\/p>\n\n\n\n<p>La fiscal Claudia R\u00edos imput\u00f3 a ambos por homicidio criminis causa, delito que prev\u00e9 como \u00fanica pena la prisi\u00f3n perpetua, y luego elev\u00f3 la causa a juicio.<mark>&nbsp;Las defensas se opusieron a este paso procesal y el juez Sarmiento no hizo lugar a los pedidos.<\/mark><\/p>\n\n\n\n<p>El magistrado hizo lugar a una pr\u00f3rroga porque es posible que las defensas vuelvan a oponerse para que sea un Tribunal Penal Colegiado el que tenga la \u00faltima palabra.<\/p>\n\n\n\n<p><strong>Fuente: www.elsol.com.ar<\/strong><\/p>\n","protected":false},"excerpt":{"rendered":"<p>El juez&nbsp;Sebasti\u00e1n Sarmiento&nbsp;rechaz\u00f3 este jueves el cambio de calificaci\u00f3n solicitado por las defensas de los dos detenidos del crimen durante un asalto del fletero&nbsp;Juan Mauricio Villanueva, perpetrado en abril del a\u00f1o pasado en Guaymall\u00e9n, y confirm\u00f3 de esta forma la elevaci\u00f3n juicio de la causa por una calificaci\u00f3n que prev\u00e9&nbsp;prisi\u00f3n perpetua. A trav\u00e9s de sus [&hellip;]<\/p>\n","protected":false},"author":2,"featured_media":4171,"comment_status":"open","ping_status":"open","sticky":false,"template":"","format":"standard","meta":[],"categories":[48],"tags":[],"_links":{"self":[{"href":"https:\/\/pasaenmendoza.com\/index.php?rest_route=\/wp\/v2\/posts\/4170"}],"collection":[{"href":"https:\/\/pasaenmendoza.com\/index.php?rest_route=\/wp\/v2\/posts"}],"about":[{"href":"https:\/\/pasaenmendoza.com\/index.php?rest_route=\/wp\/v2\/types\/post"}],"author":[{"embeddable":true,"href":"https:\/\/pasaenmendoza.com\/index.php?rest_route=\/wp\/v2\/users\/2"}],"replies":[{"embeddable":true,"href":"https:\/\/pasaenmendoza.com\/index.php?rest_route=%2Fwp%2Fv2%2Fcomments&post=4170"}],"version-history":[{"count":1,"href":"https:\/\/pasaenmendoza.com\/index.php?rest_route=\/wp\/v2\/posts\/4170\/revisions"}],"predecessor-version":[{"id":4172,"href":"https:\/\/pasaenmendoza.com\/index.php?rest_route=\/wp\/v2\/posts\/4170\/revisions\/4172"}],"wp:featuredmedia":[{"embeddable":true,"href":"https:\/\/pasaenmendoza.com\/index.php?rest_route=\/wp\/v2\/media\/4171"}],"wp:attachment":[{"href":"https:\/\/pasaenmendoza.com\/index.php?rest_route=%2Fwp%2Fv2%2Fmedia&parent=4170"}],"wp:term":[{"taxonomy":"category","embeddable":true,"href":"https:\/\/pasaenmendoza.com\/index.php?rest_route=%2Fwp%2Fv2%2Fcategories&post=4170"},{"taxonomy":"post_tag","embeddable":true,"href":"https:\/\/pasaenmendoza.com\/index.php?rest_route=%2Fwp%2Fv2%2Ftags&post=4170"}],"curies":[{"name":"wp","href":"https:\/\/api.w.org\/{rel}","templated":true}]}}