{"id":4176,"date":"2023-12-29T14:12:37","date_gmt":"2023-12-29T13:12:37","guid":{"rendered":"https:\/\/pasaenmendoza.com\/?p=4176"},"modified":"2023-12-29T14:12:39","modified_gmt":"2023-12-29T13:12:39","slug":"ya-se-decretaron-los-proximos-feriados-extralargos-de-2024","status":"publish","type":"post","link":"https:\/\/pasaenmendoza.com\/?p=4176","title":{"rendered":"Ya se decretaron los pr\u00f3ximos feriados extralargos de 2024"},"content":{"rendered":"\n<p>El Gobierno decret\u00f3\u00a0<strong>tres nuevos feriados con fines tur\u00edsticos para el a\u00f1o 2024.\u00a0<\/strong>La medida, establecida a trav\u00e9s del\u00a0<strong>decreto 106\/2023<\/strong>\u00a0publicado en el Bolet\u00edn Oficial, busca fomentar el disfrute del tiempo libre y generar d\u00edas &#8220;extralargos&#8221; con fines de promoci\u00f3n tur\u00edstica.<\/p>\n\n\n\n<p>Los d\u00edas se\u00f1alados como feriados tur\u00edsticos son el&nbsp;<strong>lunes 1 de abril<\/strong>, que precede al D\u00eda del Veterano de Guerra; el&nbsp;<strong>viernes 21 de junio<\/strong>, luego del D\u00eda del Paso a la Inmortalidad del General Manuel Belgrano, y el&nbsp;<strong>viernes 11 de octubre<\/strong>, previo al D\u00eda del Respeto a la Diversidad Cultural, que se traslada al lunes 14.&nbsp;<\/p>\n\n\n\n<p>Estos feriados estrat\u00e9gicamente ubicados permitir\u00e1n la\u00a0<strong>creaci\u00f3n de fines de semana largos de cuatro d\u00edas\u00a0<\/strong>al sumar los d\u00edas s\u00e1bado y domingo. La ley que habilita al Poder Ejecutivo a establecer\u00a0<strong>hasta tres d\u00edas feriados con fines tur\u00edsticos\u00a0<\/strong>destaca que estos deben coincidir con d\u00edas lunes o viernes, como estrategia para promover el turismo interno y contrarrestar los efectos negativos de la estacionalidad en el sector.<\/p>\n\n\n\n<p>En el panorama del calendario de feriados para el a\u00f1o 2024, se prev\u00e9 un&nbsp;<strong>extenso per\u00edodo de descanso que en algunos casos llegar\u00e1 a seis d\u00edas,<\/strong>&nbsp;considerando el Jueves Santo (d\u00eda no laborable) que se celebrar\u00e1 el&nbsp;<strong>28 de marzo hasta el feriado del 2 de abril.<\/strong><\/p>\n\n\n\n<p>Con esta planificaci\u00f3n, se espera que se puede incentivar el turismo interno con la posibilidad de gozar de momentos prolongados de descanso y esparcimiento.\u00a0<\/p>\n\n\n\n<p><strong>Fuente: www.mendozapost.com<\/strong><\/p>\n","protected":false},"excerpt":{"rendered":"<p>El Gobierno decret\u00f3\u00a0tres nuevos feriados con fines tur\u00edsticos para el a\u00f1o 2024.\u00a0La medida, establecida a trav\u00e9s del\u00a0decreto 106\/2023\u00a0publicado en el Bolet\u00edn Oficial, busca fomentar el disfrute del tiempo libre y generar d\u00edas &#8220;extralargos&#8221; con fines de promoci\u00f3n tur\u00edstica. Los d\u00edas se\u00f1alados como feriados tur\u00edsticos son el&nbsp;lunes 1 de abril, que precede al D\u00eda del Veterano [&hellip;]<\/p>\n","protected":false},"author":2,"featured_media":4177,"comment_status":"open","ping_status":"open","sticky":false,"template":"","format":"standard","meta":[],"categories":[50],"tags":[],"_links":{"self":[{"href":"https:\/\/pasaenmendoza.com\/index.php?rest_route=\/wp\/v2\/posts\/4176"}],"collection":[{"href":"https:\/\/pasaenmendoza.com\/index.php?rest_route=\/wp\/v2\/posts"}],"about":[{"href":"https:\/\/pasaenmendoza.com\/index.php?rest_route=\/wp\/v2\/types\/post"}],"author":[{"embeddable":true,"href":"https:\/\/pasaenmendoza.com\/index.php?rest_route=\/wp\/v2\/users\/2"}],"replies":[{"embeddable":true,"href":"https:\/\/pasaenmendoza.com\/index.php?rest_route=%2Fwp%2Fv2%2Fcomments&post=4176"}],"version-history":[{"count":1,"href":"https:\/\/pasaenmendoza.com\/index.php?rest_route=\/wp\/v2\/posts\/4176\/revisions"}],"predecessor-version":[{"id":4178,"href":"https:\/\/pasaenmendoza.com\/index.php?rest_route=\/wp\/v2\/posts\/4176\/revisions\/4178"}],"wp:featuredmedia":[{"embeddable":true,"href":"https:\/\/pasaenmendoza.com\/index.php?rest_route=\/wp\/v2\/media\/4177"}],"wp:attachment":[{"href":"https:\/\/pasaenmendoza.com\/index.php?rest_route=%2Fwp%2Fv2%2Fmedia&parent=4176"}],"wp:term":[{"taxonomy":"category","embeddable":true,"href":"https:\/\/pasaenmendoza.com\/index.php?rest_route=%2Fwp%2Fv2%2Fcategories&post=4176"},{"taxonomy":"post_tag","embeddable":true,"href":"https:\/\/pasaenmendoza.com\/index.php?rest_route=%2Fwp%2Fv2%2Ftags&post=4176"}],"curies":[{"name":"wp","href":"https:\/\/api.w.org\/{rel}","templated":true}]}}