{"id":4179,"date":"2023-12-29T14:18:26","date_gmt":"2023-12-29T13:18:26","guid":{"rendered":"https:\/\/pasaenmendoza.com\/?p=4179"},"modified":"2023-12-29T14:18:27","modified_gmt":"2023-12-29T13:18:27","slug":"las-farmacias-suspenden-la-atencion-en-reclamo-por-el-dnu-de-milei-que-pasara-en-mendoza","status":"publish","type":"post","link":"https:\/\/pasaenmendoza.com\/?p=4179","title":{"rendered":"Las farmacias suspenden la atenci\u00f3n en reclamo por el DNU de Milei: qu\u00e9 pasar\u00e1 en Mendoza"},"content":{"rendered":"\n<p>Tal como anunci\u00f3 la Confederaci\u00f3n Farmac\u00e9utica Argentina (CoFa) este viernes las farmacias de todo el pa\u00eds suspenden por una hora la atenci\u00f3n al p\u00fablico en rechazo al\u00a0<strong>Decreto de necesidad y Urgencia (DNU)<\/strong>\u00a0impulsado por\u00a0<strong>Javier Milei.<\/strong>\u00a0<mark>Pese a apoyar la medida, las farmacias de Mendoza no acatar\u00e1n a la medida de fuerza.\u00a0<\/mark><\/p>\n\n\n\n<p>De acuerdo con lo referido en\u00a0<em>LVDiez<\/em>\u00a0por\u00a0<strong>Mario Valestra,<\/strong>\u00a0titular del Colegio Farmac\u00e9utico de Mendoza (CoFaM),\u00a0<em>\u201cla decisi\u00f3n de no adherir a la protesta tiene que ver con que la pr\u00f3xima semana la entidad presentar\u00e1 una medida judicial, en disconformidad con la normativa, considerada arbitraria\u201d.<\/em><\/p>\n\n\n\n<p><em>\u201cNo estamos en contra del DNU de manera caprichosa, sino que consideramos que la medida atenta gravemente contra la salud de la poblaci\u00f3n, al permitirse el expendio libre de los medicamentos de venta libre; pone en riesgo la profesi\u00f3n farmac\u00e9utica y el modelo de farmacia profesional\u201d,&nbsp;<\/em>expres\u00f3 Valestra.<\/p>\n\n\n\n<p>A la hora de hablar del principal perjuicio de la implementaci\u00f3n del Decreto, el profesional advirti\u00f3 que&nbsp;<mark>lo m\u00e1s preocupante es que las farmacias dejan de tener exclusividad para expender remedios de venta libre.<\/mark><\/p>\n\n\n\n<p><em>\u201cEsto es algo que ya se dispuso en la d\u00e9cada del 90 y gener\u00f3 serios inconvenientes, ya que con la normativa lo que se deja de lado es la salud de la poblaci\u00f3n. La tranquilidad y seguridad que brinda la recomendaci\u00f3n de un profesional pasa a estar en manos de alguien que no sabe del tema\u201d,<\/em>\u00a0acot\u00f3 Valestra.<\/p>\n\n\n\n<p>Adem\u00e1s, desde CoFaM se mostraron muy preocupados por el rol del farmac\u00e9utico, ya que el Decreto de Necesidad y Urgencia plantea que un mismo farmac\u00e9utico se desempe\u00f1e en diferentes farmacias, sacando la exclusividad y dedicaci\u00f3n dispuesta hasta la fecha.<\/p>\n\n\n\n<p><em>\u201cEsto no hace m\u00e1s que atentar contra la profesi\u00f3n. Sin dudas, pone en riesgo la salud de la poblaci\u00f3n\u201d<\/em>, sentenci\u00f3.<\/p>\n\n\n\n<p><strong>Convocatoria provincial<\/strong><\/p>\n\n\n\n<p>Tras la disconformidad, desde el Colegio Farmac\u00e9utico de Mendoza han realizado una convocatoria a farmac\u00e9uticos privados y estatales para tratar el DNU y analizar su impacto en la profesi\u00f3n.<\/p>\n\n\n\n<p>La misma se realizar\u00e1 el pr\u00f3ximo mi\u00e9rcoles 3 de enero a las 13.30, en el Sal\u00f3n Nevado de CoFaM (Rivadavia 645, Godoy Cruz).<\/p>\n\n\n\n<p><strong>Fuente: www.elsol.com.ar<\/strong><\/p>\n","protected":false},"excerpt":{"rendered":"<p>Tal como anunci\u00f3 la Confederaci\u00f3n Farmac\u00e9utica Argentina (CoFa) este viernes las farmacias de todo el pa\u00eds suspenden por una hora la atenci\u00f3n al p\u00fablico en rechazo al\u00a0Decreto de necesidad y Urgencia (DNU)\u00a0impulsado por\u00a0Javier Milei.\u00a0Pese a apoyar la medida, las farmacias de Mendoza no acatar\u00e1n a la medida de fuerza.\u00a0 De acuerdo con lo referido en\u00a0LVDiez\u00a0por\u00a0Mario [&hellip;]<\/p>\n","protected":false},"author":2,"featured_media":4180,"comment_status":"open","ping_status":"open","sticky":false,"template":"","format":"standard","meta":[],"categories":[50],"tags":[],"_links":{"self":[{"href":"https:\/\/pasaenmendoza.com\/index.php?rest_route=\/wp\/v2\/posts\/4179"}],"collection":[{"href":"https:\/\/pasaenmendoza.com\/index.php?rest_route=\/wp\/v2\/posts"}],"about":[{"href":"https:\/\/pasaenmendoza.com\/index.php?rest_route=\/wp\/v2\/types\/post"}],"author":[{"embeddable":true,"href":"https:\/\/pasaenmendoza.com\/index.php?rest_route=\/wp\/v2\/users\/2"}],"replies":[{"embeddable":true,"href":"https:\/\/pasaenmendoza.com\/index.php?rest_route=%2Fwp%2Fv2%2Fcomments&post=4179"}],"version-history":[{"count":1,"href":"https:\/\/pasaenmendoza.com\/index.php?rest_route=\/wp\/v2\/posts\/4179\/revisions"}],"predecessor-version":[{"id":4181,"href":"https:\/\/pasaenmendoza.com\/index.php?rest_route=\/wp\/v2\/posts\/4179\/revisions\/4181"}],"wp:featuredmedia":[{"embeddable":true,"href":"https:\/\/pasaenmendoza.com\/index.php?rest_route=\/wp\/v2\/media\/4180"}],"wp:attachment":[{"href":"https:\/\/pasaenmendoza.com\/index.php?rest_route=%2Fwp%2Fv2%2Fmedia&parent=4179"}],"wp:term":[{"taxonomy":"category","embeddable":true,"href":"https:\/\/pasaenmendoza.com\/index.php?rest_route=%2Fwp%2Fv2%2Fcategories&post=4179"},{"taxonomy":"post_tag","embeddable":true,"href":"https:\/\/pasaenmendoza.com\/index.php?rest_route=%2Fwp%2Fv2%2Ftags&post=4179"}],"curies":[{"name":"wp","href":"https:\/\/api.w.org\/{rel}","templated":true}]}}