{"id":4188,"date":"2024-01-02T12:40:49","date_gmt":"2024-01-02T11:40:49","guid":{"rendered":"https:\/\/pasaenmendoza.com\/?p=4188"},"modified":"2024-01-02T12:40:50","modified_gmt":"2024-01-02T11:40:50","slug":"tadeo-garcia-zalazar-comenzo-a-marcar-el-rumbo-de-la-nueva-gestion","status":"publish","type":"post","link":"https:\/\/pasaenmendoza.com\/?p=4188","title":{"rendered":"Tadeo Garc\u00eda Zalazar comenz\u00f3 a marcar el rumbo de la nueva gesti\u00f3n"},"content":{"rendered":"\n<p>El equipo de la Subsecretar\u00eda de Infancias, Adolescencias y Juventudes tuvo su primera reuni\u00f3n, en la que se trazaron lineamientos de trabajo de cara al futuro.<\/p>\n\n\n\n<p>El ministro de Educaci\u00f3n, Cultura, Infancias y DGE,\u00a0<strong>Tadeo Garc\u00eda Zalazar<\/strong>, junto a la subsecretaria\u00a0<strong>Ver\u00f3nica \u00c1lvarez Ocampos<\/strong>, presentaron a quienes estar\u00e1n a cargo de las ocho direcciones que conforman el \u00e1rea.<\/p>\n\n\n\n<p>Tras el encuentro, el titular de la cartera se\u00f1al\u00f3 la importancia del desarrollo de esa franja etaria y su relaci\u00f3n con la educaci\u00f3n. Por eso, explic\u00f3: &#8220;Entendemos a la\u00a0<strong>primera infancia<\/strong>\u00a0como la etapa fundamental en el desarrollo humano que no puede estar desvinculada de la educaci\u00f3n. Trabajaremos con ese objetivo&#8221;.<\/p>\n\n\n\n<p>Estuvieron presentes, adem\u00e1s, los responsables de cada direcci\u00f3n. Se trata de Pablo Quinteros, en Responsabilidad Penal Juvenil; Jorge Escudero, en Internaci\u00f3n Juvenil; Federico Di C\u00e9sare, en Medidas Alternativas de la Privaci\u00f3n de la Libertad y Externaci\u00f3n e Inclusi\u00f3n Social; Gerardo De Marco, en Administraci\u00f3n; Mar\u00eda Bel\u00e9n Garc\u00eda, como directora general de Protecci\u00f3n; Jessica Ben\u00edtez, en Protecci\u00f3n y Restituci\u00f3n de Derechos; Mar\u00eda Bel\u00e9n Bisaguirre Livellara, en Cuidados Alternativos, y Anal\u00eda Salvador, en la Direcci\u00f3n General de Administraci\u00f3n.<\/p>\n\n\n\n<p>Uno por uno<\/p>\n\n\n\n<p><strong>Pablo David<\/strong>, director de Responsabilidad Penal Juvenil. Es licenciado en Ni\u00f1ez Adolescencia y Familia, egresado de la Universidad del Aconcagua. Posee formaci\u00f3n en el abordaje de adolescentes imputados por la Ley Penal, en Centros de Capital Federal y Gran Buenos Aires, dependientes de SENNAF. Adem\u00e1s, en consumos problem\u00e1ticos, mediaci\u00f3n y justicia restaurativa. Tambi\u00e9n tiene un posgrado en Victimolog\u00eda, realizado en la UNCuyo.<\/p>\n\n\n\n<p>Cuenta con experiencia en los equipos t\u00e9cnicos de cuidados alternativos de la ex DINAF y en la Direcci\u00f3n Penal Juvenil, como operador, regente y director de Internaci\u00f3n en dos per\u00edodos 2005-2006 y 2015-2022. Se ha desempe\u00f1ado como director de Medidas Alternativas desde mediados de 2022 a la fecha.<\/p>\n\n\n\n<p><strong>Jorge Hugo Escudero<\/strong>, director de Internaci\u00f3n Juvenil. Es licenciado en Ni\u00f1ez, Adolescencia y Familia egresado de la Universidad del Aconcagua. Posee un Post\u00edtulo en Educaci\u00f3n en contexto de encierro.<\/p>\n\n\n\n<p>En sus inicios se desempe\u00f1\u00f3 como operador terap\u00e9utico hasta 2000 y desde ese mismo a\u00f1o como jefe de Educaci\u00f3n en la DRPJ hasta el 30 de agosto de 2022, teniendo as\u00ed experiencia en educaci\u00f3n en contexto de encierro. Asimismo posee experiencia en educaci\u00f3n formal como jefe de preceptores del colegio privado Pablo Besson (1992-2006). En la actualidad es integrante del equipo de orientaci\u00f3n del CEBJA 3-217 Prof. Ricardo Soloa, de la educaci\u00f3n permanente de j\u00f3venes y adultos (desde 2012). Ocupa el cargo de director de la Unidad de Internaci\u00f3n de la instituci\u00f3n.<\/p>\n\n\n\n<p><strong>Federico Di C\u00e9sare<\/strong>, director de Medidas Alternativas de la Privaci\u00f3n de la Libertad y Externaci\u00f3n e Inclusi\u00f3n Social. Es m\u00e9dico especialista en Psiquiatr\u00eda por UCCuyo y APSA. Fue operador socioterap\u00e9utico en Comunidad Terap\u00e9utica en Adicciones (2015-2017).<\/p>\n\n\n\n<p>Luego se desempe\u00f1\u00f3 como director m\u00e9dico en Espacio de Integraci\u00f3n Comunitaria FOECYT (2019-2022). Adem\u00e1s, como m\u00e9dico de Guardia en Cl\u00ednica de Internaci\u00f3n en Salud Mental y Atenci\u00f3n Ambulatoria en consultorio particular. Desde 2018 a 2022 fue director del Centro de Salud FOECYT (CAPS 305), de la Municipalidad de Godoy Cruz. Y durante 2022 y 2023 ocup\u00f3 el mismo cargo en el Centro de Salud del Barrio La Gloria (CAPS 150).<\/p>\n\n\n\n<p><strong>Gerardo Oscar De Marco<\/strong>, director de Administraci\u00f3n. Es contador p\u00fablico nacional, egresado de la UNCuyo, con amplia experiencia en el \u00e1mbito privado y p\u00fablico de Mendoza. Ha realizado numerosas capacitaciones y posgrados en el pa\u00eds y el extranjero.<\/p>\n\n\n\n<p>Fue director ejecutivo del Fondo de Inversi\u00f3n y Desarrollo Social (FIDES) de la Subsecretar\u00eda de Desarrollo Social de la provincia y Director de Control de Gesti\u00f3n de la Municipalidad de Guaymall\u00e9n. Actualmente se desempe\u00f1a como director de Administraci\u00f3n de la Direcci\u00f3n de Responsabilidad Juvenil (ex COSE). Mientras que en el \u00e1mbito privado ha sido gerente en entidades bancarias y crediticias.<\/p>\n\n\n\n<p><strong>Mar\u00eda Bel\u00e9n Garc\u00eda<\/strong>, directora general de Protecci\u00f3n. Es licenciada en Trabajo Social, egresada de la Facultad de Ciencias Pol\u00edticas y Sociales de la UNCuyo. Tiene experiencia en la ejecuci\u00f3n de pol\u00edticas p\u00fablicas orientadas a abordar tem\u00e1ticas de desarrollo humano, ni\u00f1ez, adolescencias y g\u00e9nero.<\/p>\n\n\n\n<p>Fue jefa del \u00c1rea de Ni\u00f1ez y Adolescencia de la Municipalidad de Guaymall\u00e9n entre 2018 y 2020 y en el \u00c1rea de G\u00e9nero y familia de esa comuna durante el per\u00edodo 2020-2022. Tambi\u00e9n form\u00f3 parte del equipo de intervenci\u00f3n del Programa Provincial de Prevenci\u00f3n y Atenci\u00f3n Integral del Maltrato a la Ni\u00f1ez y Adolescencia- PPMI (Servicio de Internaci\u00f3n, Hospital Notti).<\/p>\n\n\n\n<p><strong>Jessica Ben\u00edtez<\/strong>, directora de Protecci\u00f3n y Restituci\u00f3n de Derechos. Es abogada y, desde 2022 a la actualidad, directora de Protecci\u00f3n y Restituci\u00f3n de Derechos en la DGP. Asimismo, es especialista en Pol\u00edticas P\u00fablicas en Ni\u00f1ez, Adolescencia y Familias por la Universidad de Entre R\u00edos (UNER).<\/p>\n\n\n\n<p>En 2021 y 2022 desempe\u00f1\u00f3 un papel crucial en la revisi\u00f3n de medidas excepcionales. Mientras que en 2022 dirigi\u00f3 la Diplomatura en Abordaje Integral de NNyA junto con la Direcci\u00f3n de Capacitaciones en el Instituto Universitario de Seguridad P\u00fablica. Su trayectoria incluye roles administrativos en el \u00d3rgano Administrativo Local ex DINAF (2014-2018), donde tambi\u00e9n trabaj\u00f3 en la Direcci\u00f3n de Protecci\u00f3n y Restituci\u00f3n de Derechos (2018-2020).<\/p>\n\n\n\n<p><strong>Mar\u00eda Bel\u00e9n Bisaguirre Livellara<\/strong>, directora de Cuidados Alternativos. Es abogada, escribana y mediadora egresada de la Universidad Champagnat en 2011. Tiene experiencia en la ejecuci\u00f3n de pol\u00edticas p\u00fablicas orientadas a abordar tem\u00e1ticas de g\u00e9nero, diversidad, derechos humanos, desarrollo humano, ni\u00f1ez, adolescencias. En el \u00e1mbito privado se dedica al Derecho de Familia y violencia familiar. Cursa la Maestr\u00eda de Derecho de Familia de la UBA.<\/p>\n\n\n\n<p>Fue asesora en la Direcci\u00f3n de Desarrollo Social de la Municipalidad de Las Heras, \u00e1rea de G\u00e9nero, Diversidad y DDHH entre 2021 y 2023. Y mediadora en el Colegio de Abogados de Mendoza desde 2022 hasta la actualidad.<\/p>\n\n\n\n<p><strong>Anal\u00eda Ver\u00f3nica Salvador,<\/strong>&nbsp;directora general de Administraci\u00f3n. Es contadora p\u00fablica y diplomada en gesti\u00f3n en Salud. Trabaj\u00f3 en el \u00e1rea sanitaria de Rivadavia.<\/p>\n\n\n\n<p>Directora ejecutiva del fondo de inversi\u00f3n y desarrollo social FIDES desde 2017. Y desde 2019 a la fecha es directora general de Administraci\u00f3n de Desarrollo Social a cargo del FIDES.<\/p>\n\n\n\n<p>FUENTE:Mendozapost.<\/p>\n","protected":false},"excerpt":{"rendered":"<p>El equipo de la Subsecretar\u00eda de Infancias, Adolescencias y Juventudes tuvo su primera reuni\u00f3n, en la que se trazaron lineamientos de trabajo de cara al futuro. El ministro de Educaci\u00f3n, Cultura, Infancias y DGE,\u00a0Tadeo Garc\u00eda Zalazar, junto a la subsecretaria\u00a0Ver\u00f3nica \u00c1lvarez Ocampos, presentaron a quienes estar\u00e1n a cargo de las ocho direcciones que conforman el [&hellip;]<\/p>\n","protected":false},"author":2,"featured_media":4189,"comment_status":"open","ping_status":"open","sticky":true,"template":"","format":"standard","meta":[],"categories":[47],"tags":[],"_links":{"self":[{"href":"https:\/\/pasaenmendoza.com\/index.php?rest_route=\/wp\/v2\/posts\/4188"}],"collection":[{"href":"https:\/\/pasaenmendoza.com\/index.php?rest_route=\/wp\/v2\/posts"}],"about":[{"href":"https:\/\/pasaenmendoza.com\/index.php?rest_route=\/wp\/v2\/types\/post"}],"author":[{"embeddable":true,"href":"https:\/\/pasaenmendoza.com\/index.php?rest_route=\/wp\/v2\/users\/2"}],"replies":[{"embeddable":true,"href":"https:\/\/pasaenmendoza.com\/index.php?rest_route=%2Fwp%2Fv2%2Fcomments&post=4188"}],"version-history":[{"count":1,"href":"https:\/\/pasaenmendoza.com\/index.php?rest_route=\/wp\/v2\/posts\/4188\/revisions"}],"predecessor-version":[{"id":4190,"href":"https:\/\/pasaenmendoza.com\/index.php?rest_route=\/wp\/v2\/posts\/4188\/revisions\/4190"}],"wp:featuredmedia":[{"embeddable":true,"href":"https:\/\/pasaenmendoza.com\/index.php?rest_route=\/wp\/v2\/media\/4189"}],"wp:attachment":[{"href":"https:\/\/pasaenmendoza.com\/index.php?rest_route=%2Fwp%2Fv2%2Fmedia&parent=4188"}],"wp:term":[{"taxonomy":"category","embeddable":true,"href":"https:\/\/pasaenmendoza.com\/index.php?rest_route=%2Fwp%2Fv2%2Fcategories&post=4188"},{"taxonomy":"post_tag","embeddable":true,"href":"https:\/\/pasaenmendoza.com\/index.php?rest_route=%2Fwp%2Fv2%2Ftags&post=4188"}],"curies":[{"name":"wp","href":"https:\/\/api.w.org\/{rel}","templated":true}]}}