{"id":4194,"date":"2024-01-02T12:50:51","date_gmt":"2024-01-02T11:50:51","guid":{"rendered":"https:\/\/pasaenmendoza.com\/?p=4194"},"modified":"2024-01-02T12:50:52","modified_gmt":"2024-01-02T11:50:52","slug":"los-industriales-mendocinos-respaldaron-el-golpe-de-timon-radical-que-aplico-javier-milei","status":"publish","type":"post","link":"https:\/\/pasaenmendoza.com\/?p=4194","title":{"rendered":"Los industriales mendocinos respaldaron el &#8220;golpe de tim\u00f3n radical&#8221; que aplic\u00f3 Javier Milei"},"content":{"rendered":"\n<p>El presidente de la UCIM, Daniel Ariosto, critic\u00f3 a la clase pol\u00edtica que no supo responder a los problemas que viene arrastrando la Argentina y llam\u00f3 a todos los poderes del Estado a sumarse al esfuerzo<\/p>\n\n\n\n<p>En el comunicado el&nbsp;<strong>titular de la UCIM, Daniel Ariosto,<\/strong>&nbsp;tambi\u00e9n se pleg\u00f3 al discurso anti casta del l\u00edder libertario y&nbsp;<strong>critic\u00f3 duramente a la clase pol\u00edtica argentina,<\/strong>&nbsp;marcando que&nbsp;<strong>retrasaba y &#8220;no estaba preparada para dar respuesta ni a los problemas de siempre<\/strong>&nbsp;(inflaci\u00f3n, corrupci\u00f3n, asistencialismo, estado sobredimensionado) ni a los nuevos&#8221;.<\/p>\n\n\n\n<p>Con este gesto el sector industrial mendocino tambi\u00e9n se suma a las\u00a0<strong>demostraciones de\u00a0respaldo a la gesti\u00f3n de Milei que hace una semana dieron los dirigentes del Consejo Empresario Mendocino (CEM)<\/strong>, cuando apoyaron que el Presidente comenzara a corregir las &#8220;enormes distorsiones que hab\u00edan generado las pol\u00edticas intervencionistas&#8221; y que redujera el peso de un Estado &#8220;elefanti\u00e1sico y con gastos insostenibles&#8221;.<\/p>\n\n\n\n<p>De hecho, este sector ya hab\u00eda dado se\u00f1ales de apoyo a la nueva gesti\u00f3n en un comunicado que emiti\u00f3 en v\u00edsperas de Navidad cuando celebr\u00f3 que Milei decidiera &#8220;dejar de vivir en la mentira y enfrentar la grave realidad&#8221;.<\/p>\n\n\n\n<p>Desde esa mirada Ariosto lanz\u00f3: &#8220;<strong>Quiz\u00e1 este golpe de tim\u00f3n tan radical sea lo que est\u00e1bamos necesitando<\/strong>&#8221; y s\u00ed destac\u00f3 que la econom\u00eda no es la \u00fanica \u00e1rea que necesita cambios, y admiti\u00f3 que all\u00ed radica el gran desaf\u00edo de la gesti\u00f3n de Milei para poder pensar en un pa\u00eds &#8220;integral, desarrollado, libre, innovador, con oportunidades y posibilidades de crecer&#8221;<\/p>\n\n\n\n<h2 class=\"wp-block-heading\">&#8220;El esfuerzo debe ser de todos&#8221;<\/h2>\n\n\n\n<p>En el comunicado, la UCIM tambi\u00e9n les recuerda a todos los poderes del Estado, que en este momento de crisis, el esfuerzo debe ser de todos y los llam\u00f3 a estar atentos y ser responsables en cada pol\u00edtica que se implemente.<\/p>\n\n\n\n<p>&#8220;Oficialismo y oposici\u00f3n, poderes Ejecutivos, Legislativo y Judicial deber\u00e1n estar m\u00e1s activos y vig\u00edas que nunca para que este nuevo camino que emprendemos garantice los derechos y controle las obligaciones, para que todos pongamos en la medida de nuestra capacidad&#8221;.<\/p>\n\n\n\n<p>Y remarc\u00f3:&nbsp;<strong>\u201cArgentina necesita cambios profundos, reformas estructurales, necesariamente dolorosas para no seguir siendo un pa\u00eds decadente\u201d<\/strong>&nbsp;dijo en estos d\u00edas el presidente de la C\u00e1mara Argentina de Comercio y Servicios, Mario Grinman. Esto es en lo que nos encontramos con el nuevo gobierno, encabezado por el presidente Javier Milei junto a muchos ciudadanos de bien, que lo hayan votado o no, apuestan a sembrar para, en un periodo considerable, poder cosechar.<\/p>\n\n\n\n<h2 class=\"wp-block-heading\">Aplaudieron la derogaci\u00f3n de la Ley de G\u00f3ndolas y los controles de precios<\/h2>\n\n\n\n<p>En un comunicado anterior, el mismo Ariosto hab\u00eda celebrado algunas de las medidas que adopt\u00f3 Milei, tanto en el mega DNU como en la Ley \u00d3mnibus que envi\u00f3 al Congreso de la Naci\u00f3n.<\/p>\n\n\n\n<p>Entre lo que m\u00e1s aval\u00f3 figuraban la<strong>&nbsp;derogaci\u00f3n de la Ley de Alquileres, la de Abastecimiento y la de G\u00f3ndolas<\/strong>. Asimismo, remarc\u00f3 que era positivo decirle adi\u00f3s a los controles de precios, que marcaron a los \u00faltimos gobiernos de<strong>&nbsp;Cristina Kirchner, Mauricio Macri y Alberto Fern\u00e1ndez<\/strong>-.<\/p>\n\n\n\n<p>Tambi\u00e9n hubo un p\u00e1rrafo aparte para elogiar la<strong>&nbsp;reforma laboral<\/strong>&nbsp;del libertario.<\/p>\n\n\n\n<p><strong>&#8220;Aplaudimos que se haya decidido implementar una modernizaci\u00f3n laboral<\/strong>, que tantas veces reclamamos. Adem\u00e1s, un sector estatal sobredimensionado &#8216;asfixiaba a la actividad privada, minaba la competitividad de las empresas y bloqueaba la generaci\u00f3n de empleo genuino en un<strong>\u00a0d\u00e9ficit fiscal cr\u00f3nico que llev\u00f3 a la emisi\u00f3n monetaria<\/strong>\u00a0y a la inflaci\u00f3n sin control, con los nefastos efectos que esto tiene&#8217;, como expres\u00f3 certeramente el presidente de la CAC, M<strong>ario Grinmam<\/strong>&#8220;, parafrasea el escrito.<\/p>\n\n\n\n<p>FUENTE: Diariouno.com.ar <\/p>\n\n\n\n<p><a rel=\"noreferrer noopener\" href=\"https:\/\/www.facebook.com\/dialog\/feed?app_id=161316767303985&amp;link=https%3A%2F%2Fwww.diariouno.com.ar%2Fpolitica%2Flos-industriales-mendocinos-respaldaron-el-golpe-timon-radical-que-aplico-javier-milei-n1271715&amp;name=Los+industriales+mendocinos+respaldaron+el+%22golpe+de+tim%C3%B3n+radical%22+que+aplic%C3%B3+Javier+Milei&amp;caption=Industriales&amp;description=El+presidente+de+la+UCIM%2C+Daniel+Ariosto%2C+critic%C3%B3+a+la+clase+pol%C3%ADtica+que+no+supo+responder+a+los+problemas+que+viene+arrastrando+la+Argentina+y+llam%C3%B3+a+todos+los+poderes+del+Estado+a+sumarse+al+esfuerzo&amp;redirect_uri=https%3A%2F%2Fwww.diariouno.com.ar%2Fpolitica%2Flos-industriales-mendocinos-respaldaron-el-golpe-timon-radical-que-aplico-javier-milei-n1271715\" target=\"_blank\"><\/a><\/p>\n\n\n\n<p><a rel=\"noreferrer noopener\" href=\"https:\/\/twitter.com\/intent\/tweet?url=https%3A%2F%2Fwww.diariouno.com.ar%2Fc1271715&amp;related=diariouno&amp;text=Los+industriales+mendocinos+respaldaron+el+%22golpe+de+tim%C3%B3n+radical%22+que+aplic%C3%B3+Javier+Milei&amp;via=diariouno\" target=\"_blank\"><\/a><\/p>\n\n\n\n<p><a href=\"mailto:?body=https%3A%2F%2Fwww.diariouno.com.ar%2Fpolitica%2Flos-industriales-mendocinos-respaldaron-el-golpe-timon-radical-que-aplico-javier-milei-n1271715&amp;subject=%E2%80%9CLos%20industriales%20mendocinos%20respaldaron%20el%20%22golpe%20de%20tim%C3%B3n%20radical%22%20que%20aplic%C3%B3%20Javier%20Milei%E2%80%9D\"><\/a><\/p>\n\n\n\n<p><\/p>\n\n\n\n<p><a rel=\"noreferrer noopener\" href=\"https:\/\/api.whatsapp.com\/send?text=%E2%80%9CLos%20industriales%20mendocinos%20respaldaron%20el%20%22golpe%20de%20tim%C3%B3n%20radical%22%20que%20aplic%C3%B3%20Javier%20Milei%E2%80%9D%20https%3A%2F%2Fwww.diariouno.com.ar%2Fpolitica%2Flos-industriales-mendocinos-respaldaron-el-golpe-timon-radical-que-aplico-javier-milei-n1271715\" target=\"_blank\"><\/a><\/p>\n","protected":false},"excerpt":{"rendered":"<p>El presidente de la UCIM, Daniel Ariosto, critic\u00f3 a la clase pol\u00edtica que no supo responder a los problemas que viene arrastrando la Argentina y llam\u00f3 a todos los poderes del Estado a sumarse al esfuerzo En el comunicado el&nbsp;titular de la UCIM, Daniel Ariosto,&nbsp;tambi\u00e9n se pleg\u00f3 al discurso anti casta del l\u00edder libertario y&nbsp;critic\u00f3 [&hellip;]<\/p>\n","protected":false},"author":2,"featured_media":4195,"comment_status":"open","ping_status":"open","sticky":true,"template":"","format":"standard","meta":[],"categories":[47],"tags":[],"_links":{"self":[{"href":"https:\/\/pasaenmendoza.com\/index.php?rest_route=\/wp\/v2\/posts\/4194"}],"collection":[{"href":"https:\/\/pasaenmendoza.com\/index.php?rest_route=\/wp\/v2\/posts"}],"about":[{"href":"https:\/\/pasaenmendoza.com\/index.php?rest_route=\/wp\/v2\/types\/post"}],"author":[{"embeddable":true,"href":"https:\/\/pasaenmendoza.com\/index.php?rest_route=\/wp\/v2\/users\/2"}],"replies":[{"embeddable":true,"href":"https:\/\/pasaenmendoza.com\/index.php?rest_route=%2Fwp%2Fv2%2Fcomments&post=4194"}],"version-history":[{"count":1,"href":"https:\/\/pasaenmendoza.com\/index.php?rest_route=\/wp\/v2\/posts\/4194\/revisions"}],"predecessor-version":[{"id":4196,"href":"https:\/\/pasaenmendoza.com\/index.php?rest_route=\/wp\/v2\/posts\/4194\/revisions\/4196"}],"wp:featuredmedia":[{"embeddable":true,"href":"https:\/\/pasaenmendoza.com\/index.php?rest_route=\/wp\/v2\/media\/4195"}],"wp:attachment":[{"href":"https:\/\/pasaenmendoza.com\/index.php?rest_route=%2Fwp%2Fv2%2Fmedia&parent=4194"}],"wp:term":[{"taxonomy":"category","embeddable":true,"href":"https:\/\/pasaenmendoza.com\/index.php?rest_route=%2Fwp%2Fv2%2Fcategories&post=4194"},{"taxonomy":"post_tag","embeddable":true,"href":"https:\/\/pasaenmendoza.com\/index.php?rest_route=%2Fwp%2Fv2%2Ftags&post=4194"}],"curies":[{"name":"wp","href":"https:\/\/api.w.org\/{rel}","templated":true}]}}