{"id":4197,"date":"2024-01-02T12:55:42","date_gmt":"2024-01-02T11:55:42","guid":{"rendered":"https:\/\/pasaenmendoza.com\/?p=4197"},"modified":"2024-01-02T12:55:43","modified_gmt":"2024-01-02T11:55:43","slug":"el-elegido-por-cornejo-para-comandar-la-direccion-de-mineria","status":"publish","type":"post","link":"https:\/\/pasaenmendoza.com\/?p=4197","title":{"rendered":"El elegido por Cornejo para comandar la Direcci\u00f3n de Miner\u00eda"},"content":{"rendered":"\n<p>Se trata de Jer\u00f3nimo Shantal, que asesor\u00f3 legalmente esa direcci\u00f3n, trabaj\u00f3 en Potasio R\u00edo Colorado y fue gerente de Legales de la empresa Impulsa que Rodolfo Suarez cre\u00f3 para el desarrollo energ\u00e9tico<\/p>\n\n\n\n<p><strong>El abogado Jer\u00f3nimo Shantal,<\/strong>\u00a0especialista en derecho minero, es el elegido por Alfredo Cornejo y<strong>\u00a0Jimena Latorre\u00a0<\/strong>para\u00a0<strong>comandar la Direcci\u00f3n de Miner\u00eda<\/strong>. De hecho, aunque a\u00fan no se lo haya nombrado formalmente, ya est\u00e1 trabajando en esa direcci\u00f3n que depende de la ministra de Energ\u00eda y Ambiente y el decreto con su oficializaci\u00f3n en el cargo se conocer\u00eda en los pr\u00f3ximos d\u00edas.<\/p>\n\n\n\n<p>El joven letrado de 37 a\u00f1os, fue asesor del ex senador y hoy secretario administrativo del Senado, Pablo Priore y&nbsp;<strong>pertenece a esa l\u00ednea del PRO que sostuvo su sociedad con los radicales dentro de Cambia Mendoza<\/strong>&nbsp;y que respald\u00f3 a la vicegobernadora Hebe Casado.<\/p>\n\n\n\n<p>Pero adem\u00e1s Shantal no es un funcionario desconocido en el \u00e1rea de Miner\u00eda. \u00c9l fue asesor en esa direcci\u00f3n durante la gesti\u00f3n de Rodolfo Suarez, cuando la comand\u00f3 Roberto Zenobi, pero tambi\u00e9n lo hizo en la empresa provincial Potasio R\u00edo Colorado y m\u00e1s tarde fue gerente de Legales de la empresa estatal Impulsa SA, que Suarez cre\u00f3 para el desarrollo energ\u00e9tico.<\/p>\n\n\n\n<p>El nuevo funcionario, uno m\u00e1s del\u00a0equipo de sub 40 que conforman el gabinete de Cornejo, es tambi\u00e9n profesor universitario en una c\u00e1tedra de derecho minero en la Universidad Champagnat.<\/p>\n\n\n\n<p>&#8220;Est\u00e1 m\u00e1s que calificado para el perfil que se busca darle a esa direcci\u00f3n. Ahora est\u00e1n enfocados en avanzar en distintos modelos de explotaci\u00f3n minera&#8221;, aportaron fuentes cercanas al Ministerio de Energ\u00eda.<\/p>\n\n\n\n<p>Seg\u00fan pudo confirmar Diario UNO, en los d\u00edas previos,&nbsp;<strong>Shantal ya estuvo abocado a hacer un profundo relevamiento de los proyectos de la Direcci\u00f3n de Miner\u00eda<\/strong>&nbsp;para conocer en qu\u00e9 estado est\u00e1 cada uno.<\/p>\n\n\n\n<p>Debido a que la ley de procedimiento minero establece como obligaci\u00f3n que el titular de la Direcci\u00f3n de Miner\u00eda debe ser &#8220;ingeniero en mina o ge\u00f3logo&#8221;, lo m\u00e1s probable es que el decreto que nombre a Shantal lo haga como &#8220;asesor a cargo de la Direcci\u00f3n de Miner\u00eda&#8221;, para salvar esa exigencia que en Casa de Gobierno calificaron como &#8220;obsoleta e inconducente&#8221;.<\/p>\n\n\n\n<h2 class=\"wp-block-heading\">Se cambi\u00f3 el apellido para que dejaran de burlarse de \u00e9l<\/h2>\n\n\n\n<p>Reci\u00e9n cuando fue mayor de edad Jer\u00f3nimo Shantal pudo escapar del bullyng que padeci\u00f3 desde la infancia en su San Carlos natal.<\/p>\n\n\n\n<p>Es que&nbsp;<strong>su verdadero apellido era Chanta Morsucci, pero \u00e9l decidi\u00f3 cambi\u00e1rselo apenas pudo<\/strong>&nbsp;para evitar tambi\u00e9n las consecuencias que podr\u00eda traerle cuando comenzara a desempe\u00f1arse como abogado.<\/p>\n\n\n\n<p>&#8220;\u00c9l es el primero en bromear sobre el descr\u00e9dito que le hubiera generado como abogado tener que firmar con el apellido Chanta y es por eso que lo modific\u00f3 por Shantal, porque la ley obliga a que el nuevo apellido tenga alguna similitud con el anterior&#8221;, cont\u00f3 una colega con quien trabaja desde hace tiempo.<\/p>\n\n\n\n<p>Si bien el letrado que desembarca en Miner\u00eda modific\u00f3 su primer apellido, tambi\u00e9n conserv\u00f3 el segundo que es Morsucci.<\/p>\n\n\n\n<h2 class=\"wp-block-heading\">El d\u00eda en que denunci\u00f3 a los ambientalistas que coparon la Legislatura<\/h2>\n\n\n\n<p><strong>El 17 de diciembre del 2019, en la Legislatura de Mendoza se debat\u00edan las modificaciones a la ley 7.722<\/strong>, que terminaron en otra norma que s\u00f3lo dur\u00f3 9 d\u00edas hasta que el ex gobernador Rodolfo Suarez decidi\u00f3 derogarla ante el multitudinario reclamo social.<\/p>\n\n\n\n<p>Aquel d\u00eda, Shantal era a\u00fan asesor legal del ex senador Pablo Priore y seg\u00fan cont\u00f3 en sus redes sociales cuando quiso salir de la Legislatura fue atacado por un grupo de manifestantes que lo insultaron, escupieron y tiraron huevos.<\/p>\n\n\n\n<p>Tras ese ataque el abogado decidi\u00f3 denunciar judicialmente la situaci\u00f3n y poste\u00f3 su decisi\u00f3n en sus cuenta de Twitter.<\/p>\n\n\n\n<p>&#8220;Ellos dicen ser defensores del agua, est\u00e1n lejos de serlo. Esos anarquistas est\u00e1n lejos de ser vecinos que se manifiesten pac\u00edficamente por un reclamo v\u00e1lido. Esas personas hoy protagonizaron un acto de presi\u00f3n que a\u00fan mantiene de rehenes a varios legisladores&#8221;, tuite\u00f3 aquel d\u00eda.<\/p>\n\n\n\n<p>FUENTE: Diariouno.com.ar <\/p>\n","protected":false},"excerpt":{"rendered":"<p>Se trata de Jer\u00f3nimo Shantal, que asesor\u00f3 legalmente esa direcci\u00f3n, trabaj\u00f3 en Potasio R\u00edo Colorado y fue gerente de Legales de la empresa Impulsa que Rodolfo Suarez cre\u00f3 para el desarrollo energ\u00e9tico El abogado Jer\u00f3nimo Shantal,\u00a0especialista en derecho minero, es el elegido por Alfredo Cornejo y\u00a0Jimena Latorre\u00a0para\u00a0comandar la Direcci\u00f3n de Miner\u00eda. De hecho, aunque a\u00fan [&hellip;]<\/p>\n","protected":false},"author":2,"featured_media":4198,"comment_status":"open","ping_status":"open","sticky":true,"template":"","format":"standard","meta":[],"categories":[47],"tags":[],"_links":{"self":[{"href":"https:\/\/pasaenmendoza.com\/index.php?rest_route=\/wp\/v2\/posts\/4197"}],"collection":[{"href":"https:\/\/pasaenmendoza.com\/index.php?rest_route=\/wp\/v2\/posts"}],"about":[{"href":"https:\/\/pasaenmendoza.com\/index.php?rest_route=\/wp\/v2\/types\/post"}],"author":[{"embeddable":true,"href":"https:\/\/pasaenmendoza.com\/index.php?rest_route=\/wp\/v2\/users\/2"}],"replies":[{"embeddable":true,"href":"https:\/\/pasaenmendoza.com\/index.php?rest_route=%2Fwp%2Fv2%2Fcomments&post=4197"}],"version-history":[{"count":1,"href":"https:\/\/pasaenmendoza.com\/index.php?rest_route=\/wp\/v2\/posts\/4197\/revisions"}],"predecessor-version":[{"id":4199,"href":"https:\/\/pasaenmendoza.com\/index.php?rest_route=\/wp\/v2\/posts\/4197\/revisions\/4199"}],"wp:featuredmedia":[{"embeddable":true,"href":"https:\/\/pasaenmendoza.com\/index.php?rest_route=\/wp\/v2\/media\/4198"}],"wp:attachment":[{"href":"https:\/\/pasaenmendoza.com\/index.php?rest_route=%2Fwp%2Fv2%2Fmedia&parent=4197"}],"wp:term":[{"taxonomy":"category","embeddable":true,"href":"https:\/\/pasaenmendoza.com\/index.php?rest_route=%2Fwp%2Fv2%2Fcategories&post=4197"},{"taxonomy":"post_tag","embeddable":true,"href":"https:\/\/pasaenmendoza.com\/index.php?rest_route=%2Fwp%2Fv2%2Ftags&post=4197"}],"curies":[{"name":"wp","href":"https:\/\/api.w.org\/{rel}","templated":true}]}}