{"id":4205,"date":"2024-01-02T13:51:47","date_gmt":"2024-01-02T12:51:47","guid":{"rendered":"https:\/\/pasaenmendoza.com\/?p=4205"},"modified":"2024-01-02T13:51:48","modified_gmt":"2024-01-02T12:51:48","slug":"revuelo-en-las-heras-por-la-caida-de-600-contratos-de-agentes-municipales","status":"publish","type":"post","link":"https:\/\/pasaenmendoza.com\/?p=4205","title":{"rendered":"Revuelo en Las Heras por la ca\u00edda de 600 contratos de agentes municipales"},"content":{"rendered":"\n<p>Eternas filas para marcar el ingreso a la\u00a0<strong>municipalidad de Las Heras<\/strong>\u00a0era la postal de este 2 de enero, el primer d\u00eda h\u00e1bil del 2024. El apuro era porque en la comuna ya corr\u00eda el\u00a0<strong>rumor de que se caer\u00edan centenares de contratos de municipales<\/strong>\u00a0y todos quer\u00edan corroborar si segu\u00edan o no trabajando en esa intendencia. En la zona hay custodia policial.<\/p>\n\n\n\n<p>Lo cierto es que el intendente&nbsp;<strong>Francisco Lo Presti decidi\u00f3 no darle continuidad a unos 600 contratos de distintas \u00e1reas, que vencieron el 31 de diciembre.<\/strong><\/p>\n\n\n\n<p>&#8220;Hay que aclarar que\u00a0<strong>no hay despidos de empleados de planta<\/strong>. Son todos\u00a0<strong>contratos eventuales que entendemos que no son necesarios para brindar los servicios esenciales<\/strong>\u00a0que presta el municipio y cuyo pago no estaba presupuestado justamente porque se vencieron el 31 de diciembre. Hemos decidido priorizar la prestaci\u00f3n de servicios&#8221;, confirm\u00f3 el Secretario de Hacienda de Las Heras, Alejandro Gallego.<\/p>\n\n\n\n<p>Seg\u00fan el funcionario, en la estructura de empleados que heredaron de las dos gestiones de Daniel Orozco figura por ejemplo una direcci\u00f3n de &#8220;Asuntos espaciales que aunque suene absurdo exist\u00eda y nadie sabe qu\u00e9 servicios podr\u00eda prestar en la comuna&#8221;, ejemplific\u00f3.<\/p>\n\n\n\n<p><strong>La novedad gener\u00f3 revuelo en varias delegaciones de esa comuna, y hubo contratados que se quejaron de que confirmaron que ya no trabajaban m\u00e1s cuando llegaron a marcar su ingreso y el sistema de marcaci\u00f3n con huella no los detect\u00f3.<\/strong><\/p>\n\n\n\n<p>&#8220;Llevo dos a\u00f1os y medio trabajando y hoy llegu\u00e9 a marcar el ingreso y no pude. Se supone que a partir del a\u00f1o de trabajo ya deber\u00eda estar en planta permanente, pero no pas\u00f3 y ahora llego y no tengo trabajo&#8221;, se quej\u00f3 un ex contratado del \u00e1rea de Higiene en di\u00e1logo con radio Nihuil.<\/p>\n\n\n\n<p>Sin embargo, Gallego se encarg\u00f3 de aclarar que la comuna no ten\u00eda relaci\u00f3n contractual con ninguno de esos empleados y por tanto no estaban obligados a notificar ning\u00fan despido, porque esa relaci\u00f3n se agot\u00f3 cuando se venci\u00f3 el contrato el 31 de diciembre pasado.<\/p>\n\n\n\n<p>Y a la par agreg\u00f3 que pese a la ca\u00edda de esos 600 contratos, desde el equipo de Gobierno entienden que no se resentir\u00e1 ning\u00fan servicio esencial &#8220;porque vamos a implementar una reestructuraci\u00f3n del personal para reforzar \u00e1reas clave&#8221;.<\/p>\n\n\n\n<p><strong>Fuente: www.diariouno.com.ar<\/strong><\/p>\n","protected":false},"excerpt":{"rendered":"<p>Eternas filas para marcar el ingreso a la\u00a0municipalidad de Las Heras\u00a0era la postal de este 2 de enero, el primer d\u00eda h\u00e1bil del 2024. El apuro era porque en la comuna ya corr\u00eda el\u00a0rumor de que se caer\u00edan centenares de contratos de municipales\u00a0y todos quer\u00edan corroborar si segu\u00edan o no trabajando en esa intendencia. En [&hellip;]<\/p>\n","protected":false},"author":2,"featured_media":4206,"comment_status":"open","ping_status":"open","sticky":false,"template":"","format":"standard","meta":[],"categories":[47],"tags":[],"_links":{"self":[{"href":"https:\/\/pasaenmendoza.com\/index.php?rest_route=\/wp\/v2\/posts\/4205"}],"collection":[{"href":"https:\/\/pasaenmendoza.com\/index.php?rest_route=\/wp\/v2\/posts"}],"about":[{"href":"https:\/\/pasaenmendoza.com\/index.php?rest_route=\/wp\/v2\/types\/post"}],"author":[{"embeddable":true,"href":"https:\/\/pasaenmendoza.com\/index.php?rest_route=\/wp\/v2\/users\/2"}],"replies":[{"embeddable":true,"href":"https:\/\/pasaenmendoza.com\/index.php?rest_route=%2Fwp%2Fv2%2Fcomments&post=4205"}],"version-history":[{"count":1,"href":"https:\/\/pasaenmendoza.com\/index.php?rest_route=\/wp\/v2\/posts\/4205\/revisions"}],"predecessor-version":[{"id":4207,"href":"https:\/\/pasaenmendoza.com\/index.php?rest_route=\/wp\/v2\/posts\/4205\/revisions\/4207"}],"wp:featuredmedia":[{"embeddable":true,"href":"https:\/\/pasaenmendoza.com\/index.php?rest_route=\/wp\/v2\/media\/4206"}],"wp:attachment":[{"href":"https:\/\/pasaenmendoza.com\/index.php?rest_route=%2Fwp%2Fv2%2Fmedia&parent=4205"}],"wp:term":[{"taxonomy":"category","embeddable":true,"href":"https:\/\/pasaenmendoza.com\/index.php?rest_route=%2Fwp%2Fv2%2Fcategories&post=4205"},{"taxonomy":"post_tag","embeddable":true,"href":"https:\/\/pasaenmendoza.com\/index.php?rest_route=%2Fwp%2Fv2%2Ftags&post=4205"}],"curies":[{"name":"wp","href":"https:\/\/api.w.org\/{rel}","templated":true}]}}