{"id":4211,"date":"2024-01-02T14:10:48","date_gmt":"2024-01-02T13:10:48","guid":{"rendered":"https:\/\/pasaenmendoza.com\/?p=4211"},"modified":"2024-01-02T14:10:50","modified_gmt":"2024-01-02T13:10:50","slug":"anses-la-pesima-noticia-sobre-los-creditos-para-jubilados-y-trabajadores-en-el-inicio-de-2024","status":"publish","type":"post","link":"https:\/\/pasaenmendoza.com\/?p=4211","title":{"rendered":"ANSES: la P\u00c9SIMA noticia sobre los CR\u00c9DITOS para JUBILADOS y TRABAJADORES en el inicio de 2024"},"content":{"rendered":"\n<p>La Administaci\u00f3n Nacional de Seguridad Social (<strong>ANSES<\/strong>) tom\u00f3 una decisi\u00f3n que afecta a\u00a0<strong>jubilados<\/strong>, trabajadores en relaci\u00f3n de dependencia y pensionados entre otros.<\/p>\n\n\n\n<p>A trav\u00e9s de una resoluci\u00f3n publicada en el Bolet\u00edn Oficial,\u00a0<strong>ANSES\u00a0<\/strong>decidi\u00f3 suspender los\u00a0<strong>cr\u00e9ditos<\/strong>\u00a0que otorg\u00f3 el mecanismo y asegur\u00f3 que todos ellos ingresan a un estado de revisi\u00f3n para ver que se hace con ellos.<\/p>\n\n\n\n<p>En los \u00faltimos meses del 2023, el gobierno de Alberto Fern\u00e1ndez dio la posibilidad de sacar cr\u00e9ditos de\u00a0<strong>ANSES\u00a0<\/strong>a una tasa muy inferior a la que ofrec\u00edan los bancos. Estos pr\u00e9stamos estaban destinados principalmente a jubilados y pensionados y trabajadores en relaci\u00f3n de dependencia.<\/p>\n\n\n\n<h2 class=\"wp-block-heading\">ANSES: qu\u00e9 va a pasar con los cr\u00e9ditos de ANSES<\/h2>\n\n\n\n<p>La resoluci\u00f3n de&nbsp;<strong>ANSES&nbsp;<\/strong>suspende de manera temporal los&nbsp;<strong>cr\u00e9ditos&nbsp;<\/strong>para jubilados, pensionados y trabajadores en relaci\u00f3n de dependencia: &#8220;Susp\u00e9ndase transitoriamente el otorgamiento de cr\u00e9ditos, en el marco del Programa Cr\u00e9ditos Anses&#8221;, se\u00f1ala el art\u00edculo que entra en vigencia desde su publicaci\u00f3n hecha este martes 2 de enero.<\/p>\n\n\n\n<p>&#8220;La actual inversi\u00f3n en el Programa de<strong>\u00a0Cr\u00e9ditos ANSES<\/strong>\u00a0debe ser reanalizada considerando el contexto econ\u00f3mico del pa\u00eds que torna dificultoso ponderar el \u00edndice inflacionario de los pr\u00f3ximos meses, as\u00ed como la tasa de inter\u00e9s a aplicar dentro del mercado de pr\u00e9stamos personales&#8221;, se explica en la resoluci\u00f3n.<\/p>\n\n\n\n<h2 class=\"wp-block-heading\">ANSES: qu\u00e9 va a pasar con los cr\u00e9ditos de ANSES<\/h2>\n\n\n\n<p>La resoluci\u00f3n de&nbsp;<strong>ANSES&nbsp;<\/strong>suspende de manera temporal los&nbsp;<strong>cr\u00e9ditos&nbsp;<\/strong>para jubilados, pensionados y trabajadores en relaci\u00f3n de dependencia: &#8220;Susp\u00e9ndase transitoriamente el otorgamiento de cr\u00e9ditos, en el marco del Programa Cr\u00e9ditos Anses&#8221;, se\u00f1ala el art\u00edculo que entra en vigencia desde su publicaci\u00f3n hecha este martes 2 de enero.<\/p>\n\n\n\n<p>&#8220;La actual inversi\u00f3n en el Programa de<strong>\u00a0Cr\u00e9ditos ANSES<\/strong>\u00a0debe ser reanalizada considerando el contexto econ\u00f3mico del pa\u00eds que torna dificultoso ponderar el \u00edndice inflacionario de los pr\u00f3ximos meses, as\u00ed como la tasa de inter\u00e9s a aplicar dentro del mercado de pr\u00e9stamos personales&#8221;, se explica en la resoluci\u00f3n.<\/p>\n\n\n\n<p>Vale recordar que los&nbsp;<strong>cr\u00e9ditos&nbsp;<\/strong>para&nbsp;<strong>jubilados&nbsp;<\/strong>de&nbsp;<strong>ANSES&nbsp;<\/strong>ten\u00edan una tasa del inter\u00e9s del 29% y en su momento eran por 400 mil pesos y despu\u00e9s se ampli\u00f3 a 600 mil pesos.<\/p>\n\n\n\n<p>En el caso del cr\u00e9dito para trabajadores en relaci\u00f3n de dependencia,&nbsp;<strong>ANSES&nbsp;<\/strong>otorg\u00f3 los pr\u00e9stamos a una tasa del 50% y eran hasta 400 mil pesos y luego se extendi\u00f3 el monto hasta llegar al mill\u00f3n de pesos.<\/p>\n\n\n\n<p>En ambos casos, los\u00a0<strong>cr\u00e9ditos\u00a0<\/strong>de\u00a0<strong>ANSES\u00a0<\/strong>se pod\u00edan devolver hasta en 48 cuotas. Sin embargo, ahora han quedado suspendidos &#8220;como una medida preventiva en resguardo de la rentabilidad del fondo, y con el fin de privilegiar la liquidez del mismo&#8221;.<\/p>\n\n\n\n<p><strong>Fuente: www.diariouno.com.ar<\/strong><\/p>\n","protected":false},"excerpt":{"rendered":"<p>La Administaci\u00f3n Nacional de Seguridad Social (ANSES) tom\u00f3 una decisi\u00f3n que afecta a\u00a0jubilados, trabajadores en relaci\u00f3n de dependencia y pensionados entre otros. A trav\u00e9s de una resoluci\u00f3n publicada en el Bolet\u00edn Oficial,\u00a0ANSES\u00a0decidi\u00f3 suspender los\u00a0cr\u00e9ditos\u00a0que otorg\u00f3 el mecanismo y asegur\u00f3 que todos ellos ingresan a un estado de revisi\u00f3n para ver que se hace con ellos. [&hellip;]<\/p>\n","protected":false},"author":2,"featured_media":4215,"comment_status":"open","ping_status":"open","sticky":false,"template":"","format":"standard","meta":[],"categories":[57],"tags":[],"_links":{"self":[{"href":"https:\/\/pasaenmendoza.com\/index.php?rest_route=\/wp\/v2\/posts\/4211"}],"collection":[{"href":"https:\/\/pasaenmendoza.com\/index.php?rest_route=\/wp\/v2\/posts"}],"about":[{"href":"https:\/\/pasaenmendoza.com\/index.php?rest_route=\/wp\/v2\/types\/post"}],"author":[{"embeddable":true,"href":"https:\/\/pasaenmendoza.com\/index.php?rest_route=\/wp\/v2\/users\/2"}],"replies":[{"embeddable":true,"href":"https:\/\/pasaenmendoza.com\/index.php?rest_route=%2Fwp%2Fv2%2Fcomments&post=4211"}],"version-history":[{"count":1,"href":"https:\/\/pasaenmendoza.com\/index.php?rest_route=\/wp\/v2\/posts\/4211\/revisions"}],"predecessor-version":[{"id":4216,"href":"https:\/\/pasaenmendoza.com\/index.php?rest_route=\/wp\/v2\/posts\/4211\/revisions\/4216"}],"wp:featuredmedia":[{"embeddable":true,"href":"https:\/\/pasaenmendoza.com\/index.php?rest_route=\/wp\/v2\/media\/4215"}],"wp:attachment":[{"href":"https:\/\/pasaenmendoza.com\/index.php?rest_route=%2Fwp%2Fv2%2Fmedia&parent=4211"}],"wp:term":[{"taxonomy":"category","embeddable":true,"href":"https:\/\/pasaenmendoza.com\/index.php?rest_route=%2Fwp%2Fv2%2Fcategories&post=4211"},{"taxonomy":"post_tag","embeddable":true,"href":"https:\/\/pasaenmendoza.com\/index.php?rest_route=%2Fwp%2Fv2%2Ftags&post=4211"}],"curies":[{"name":"wp","href":"https:\/\/api.w.org\/{rel}","templated":true}]}}