{"id":4226,"date":"2024-01-03T12:53:18","date_gmt":"2024-01-03T11:53:18","guid":{"rendered":"https:\/\/pasaenmendoza.com\/?p=4226"},"modified":"2024-01-03T12:53:19","modified_gmt":"2024-01-03T11:53:19","slug":"alfredo-cornejo-ordeno-un-ahorro-del-mas-del-20-en-gastos-por-ministerios-desde-marzo","status":"publish","type":"post","link":"https:\/\/pasaenmendoza.com\/?p=4226","title":{"rendered":"Alfredo Cornejo orden\u00f3 un ahorro del m\u00e1s del 20% en gastos por ministerios desde marzo"},"content":{"rendered":"\n<p>Las prestaciones de servicios y los contratos de locaci\u00f3n quedar\u00e1n igual hasta el 29 de febrero. A partir de all\u00ed, se aplicar\u00e1 una reorganizaci\u00f3n del recurso humano de acuerdo a las necesidades de las distintas \u00e1reas<\/p>\n\n\n\n<p>El gobernador<strong>\u00a0Alfredo Cornejo\u00a0dispuso que desde el 1 de marzo del 2024<\/strong>,<strong>\u00a0todas las jurisdicciones del Poder Ejecutivo tendr\u00e1n que adoptar las medidas necesarias para realizar \u201cun ahorro, como m\u00ednimo, del 20% del costo presupuestario<\/strong>, devengado con base en diciembre del 2023\u201d.<\/p>\n\n\n\n<p>Adem\u00e1s, detallan en el sitio oficial del Gobierno de Mendoza, que<strong>\u00a0el decreto brinda continuidad autom\u00e1tica, desde el 1 de enero hasta el 29 de febrero de 2024, de las prestaciones de servicios y los contratos de locaci\u00f3n.<\/strong><\/p>\n\n\n\n<p>El mandatario provincial tambi\u00e9n hace menci\u00f3n que, por la Ley 9501, se disminuy\u00f3 la cantidad de ministerios y secretar\u00edas, \u201clo que producir\u00e1 fusiones y transferencias de distintos organismos p\u00fablicos, en materia de personal y presupuesto\u201d. La idea es que el personal est\u00e9 en los lugares que se disponga para atender \u201clas reales necesidades de los contribuyentes\u201d y lograr una mayor eficiencia en el cumplimiento de las pol\u00edticas p\u00fablicas.<\/p>\n\n\n\n<h2 class=\"wp-block-heading\">Interinos, contratados y locaci\u00f3n de servicios<\/h2>\n\n\n\n<p>Tambi\u00e9n, informa que una vez que llegue el 1 de marzo, en caso de que alguna de&nbsp;<strong>las jurisdicciones no cumplan estos par\u00e1metros establecidos, deber\u00e1 contar con el visto bueno del Gobernador y del ministro de Hacienda y Finanzas, \u201cdebiendo justificar acabadamente las excepciones\u201d.<\/strong><\/p>\n\n\n\n<p>Con el Decreto Acuerdo 487\/2023,&nbsp;<strong>Cornejo dej\u00f3 en claro que se aplicar\u00e1 tambi\u00e9n a quienes est\u00e1n adscriptos, en cuyos casos sus superiores jer\u00e1rquicos inmediatos deber\u00e1n informar en qu\u00e9 dependencia prestan servicios y sugerir la continuidad o el cese de acuerdo a las necesidades de cada \u00e1rea.<\/strong><\/p>\n\n\n\n<p>La disposici\u00f3n abarca a los agentes interinos, contratados en planta temporaria, a quienes se encuentren percibiendo cualquier tipo de adicional y suplementos y a los contratados bajo los sistemas de Locaci\u00f3n de Obras o Servicios y honorarios determinados en Horas M\u00f3dulo Deportivo.<\/p>\n\n\n\n<p>\u201cLa continuidad autom\u00e1tica dispuesta en los art\u00edculos precedentes ser\u00e1 efectivizada en id\u00e9nticas condiciones, horarios, honorarios habituales, funciones u otros requisitos, seg\u00fan corresponda, que las vigentes al 31 de diciembre de 2023\u201d, remarca el decreto. Afirma que \u201cla misma requerir\u00e1 de la efectiva prestaci\u00f3n de servicios personales bajo las distintas modalidades comprendidas en la presente norma legal, salvo que la persona renuncie expresamente o que los ministros o secretarios del Poder Ejecutivo, como asimismo las autoridades superiores de los entes descentralizados, dispongan modificaciones o el cese de las adscripciones y prestaciones\u201d. Para esto, ser\u00e1 suficiente la notificaci\u00f3n, con anterioridad al comienzo o durante el transcurso de la pr\u00f3rroga.<\/p>\n\n\n\n<p>Asimismo, se establece que los servicios administrativos de cada organismo deber\u00e1n adecuar sus partidas presupuestarias y registrar cada etapa del gasto correspondiente. Por el contrario y para el caso de que las autoridades dispongan la modificaci\u00f3n o cese de cualquiera de las situaciones contempladas, deber\u00e1n realizar los tr\u00e1mites administrativos correspondientes, sin excepci\u00f3n. Para realizar esta acci\u00f3n, deber\u00e1n ser notificados \u201cen forma fehaciente a los agentes afectados en cumplimento de los requisitos previstos en el art\u00edculo 150\u00ba de la Ley 9003\u201d.<\/p>\n\n\n\n<p>FUENTE: Diariouno.com.ar <\/p>\n","protected":false},"excerpt":{"rendered":"<p>Las prestaciones de servicios y los contratos de locaci\u00f3n quedar\u00e1n igual hasta el 29 de febrero. A partir de all\u00ed, se aplicar\u00e1 una reorganizaci\u00f3n del recurso humano de acuerdo a las necesidades de las distintas \u00e1reas El gobernador\u00a0Alfredo Cornejo\u00a0dispuso que desde el 1 de marzo del 2024,\u00a0todas las jurisdicciones del Poder Ejecutivo tendr\u00e1n que adoptar [&hellip;]<\/p>\n","protected":false},"author":2,"featured_media":4227,"comment_status":"open","ping_status":"open","sticky":true,"template":"","format":"standard","meta":[],"categories":[47],"tags":[],"_links":{"self":[{"href":"https:\/\/pasaenmendoza.com\/index.php?rest_route=\/wp\/v2\/posts\/4226"}],"collection":[{"href":"https:\/\/pasaenmendoza.com\/index.php?rest_route=\/wp\/v2\/posts"}],"about":[{"href":"https:\/\/pasaenmendoza.com\/index.php?rest_route=\/wp\/v2\/types\/post"}],"author":[{"embeddable":true,"href":"https:\/\/pasaenmendoza.com\/index.php?rest_route=\/wp\/v2\/users\/2"}],"replies":[{"embeddable":true,"href":"https:\/\/pasaenmendoza.com\/index.php?rest_route=%2Fwp%2Fv2%2Fcomments&post=4226"}],"version-history":[{"count":1,"href":"https:\/\/pasaenmendoza.com\/index.php?rest_route=\/wp\/v2\/posts\/4226\/revisions"}],"predecessor-version":[{"id":4228,"href":"https:\/\/pasaenmendoza.com\/index.php?rest_route=\/wp\/v2\/posts\/4226\/revisions\/4228"}],"wp:featuredmedia":[{"embeddable":true,"href":"https:\/\/pasaenmendoza.com\/index.php?rest_route=\/wp\/v2\/media\/4227"}],"wp:attachment":[{"href":"https:\/\/pasaenmendoza.com\/index.php?rest_route=%2Fwp%2Fv2%2Fmedia&parent=4226"}],"wp:term":[{"taxonomy":"category","embeddable":true,"href":"https:\/\/pasaenmendoza.com\/index.php?rest_route=%2Fwp%2Fv2%2Fcategories&post=4226"},{"taxonomy":"post_tag","embeddable":true,"href":"https:\/\/pasaenmendoza.com\/index.php?rest_route=%2Fwp%2Fv2%2Ftags&post=4226"}],"curies":[{"name":"wp","href":"https:\/\/api.w.org\/{rel}","templated":true}]}}