{"id":4229,"date":"2024-01-03T12:59:36","date_gmt":"2024-01-03T11:59:36","guid":{"rendered":"https:\/\/pasaenmendoza.com\/?p=4229"},"modified":"2024-01-03T12:59:38","modified_gmt":"2024-01-03T11:59:38","slug":"no-habra-oficina-del-ejecutivo-en-el-sur-pero-casado-recorrera-la-provincia","status":"publish","type":"post","link":"https:\/\/pasaenmendoza.com\/?p=4229","title":{"rendered":"No habr\u00e1 oficina del Ejecutivo en el Sur pero Casado recorrer\u00e1 la provincia"},"content":{"rendered":"\n<p>Durante la campa\u00f1a, Alfredo Cornejo y Hebe Casado prometieron una sede en San Rafael. Las razones para no instalarse en San Rafael y el plan B.<\/p>\n\n\n\n<p>Finalmente, no se cumplir\u00e1 la promesa de campa\u00f1a de instalar una sede de la Casa de Gobierno en el sur de\u00a0<strong>Mendoza<\/strong>. En abril, cuando\u00a0<strong>Alfredo Cornejo<\/strong>\u00a0present\u00f3 a su compa\u00f1era de f\u00f3rmula\u00a0<strong>Hebe Casado<\/strong>\u00a0en San Rafael ambos aseguraron que iba a abrir una oficina del Poder Ejecutivo en el departamento sure\u00f1o para atender las necesidades de los vecinos y federalizar la gesti\u00f3n.<\/p>\n\n\n\n<p>&#8220;Siempre en el sur se ha escuchado lo que se escucha de la provincia para la Naci\u00f3n: Dios est\u00e1 en todos lados pero atiende en Buenos Aires. En este caso Dios est\u00e1 en todos lados pero atiende en\u00a0<strong>Mendoza<\/strong>. En los cuatro a\u00f1os que voy a estar yo, Dios va a atender en San Rafael&#8221;, asegur\u00f3\u00a0<strong>Alfredo Cornejo<\/strong>\u00a0en abril del a\u00f1o pasado.<\/p>\n\n\n\n<p>Adem\u00e1s,\u00a0<strong>Hebe Casado<\/strong>\u00a0dijo que una de las condiciones para aceptar la candidatura fue seguir viviendo en San Rafael y solo viajar a la Ciudad de\u00a0<strong>Mendoza\u00a0<\/strong>para las reuniones de gabinete y las sesiones.<\/p>\n\n\n\n<p>Sin embargo, esta idea se fue diluyendo y a menos de un mes de iniciado el segundo mandato de\u00a0<strong>Alfredo Cornejo<\/strong>\u00a0se dio por terminado el proyecto y se reemplaz\u00f3 por otro.<\/p>\n\n\n\n<p>Desde la vicegobernaci\u00f3n, aseguraron que no se instalar\u00e1 ninguna oficina en San Rafael porque esta acci\u00f3n demanda una serie de gastos como alquiler y sueldos que no se justifican en un contexto de crisis econ\u00f3mica.\u00a0<\/p>\n\n\n\n<p>Esta decisi\u00f3n no afect\u00f3 la idea de mantener la gesti\u00f3n federal, por lo tanto,&nbsp;<strong>Hebe Casado<\/strong>&nbsp;estar\u00e1 tres d\u00edas en la Legislatura en la Ciudad de&nbsp;<strong>Mendoza&nbsp;<\/strong>y el resto de los d\u00edas de la semana visitar\u00e1 dependencias provinciales en distintos departamentos. Adem\u00e1s, cuando sea necesario se instalar\u00e1 en el Centro de Congresos de San Rafael en una especie de oficina improvisada para atender las necesidades de los vecinos.<\/p>\n\n\n\n<h2 class=\"wp-block-heading\">Recorrida por los departamentos<\/h2>\n\n\n\n<p>Durante la campa\u00f1a,\u00a0<strong>Hebe Casado<\/strong>\u00a0recorri\u00f3 toda la provincia y asegur\u00f3 que eso le dio una visi\u00f3n m\u00e1s completa de la realidad de los mendocinos.\u00a0<\/p>\n\n\n\n<p>Desde su asunci\u00f3n, la vicegobernadora ya visit\u00f3 Malarg\u00fce donde se entrevist\u00f3 con el intendente peronista Celso Jaque, particip\u00f3 de actividades en Santa Rosa, recorri\u00f3 el Servicio Coordinado de Emergencias de San Rafael y el hospital Central.<\/p>\n\n\n\n<p>En este sentido, su plan es viajar por toda la provincia y conocer de cerca el trabajo de los departamentos. Adem\u00e1s, ya ejerce un rol muy activo junto a\u00a0<strong>Alfreo Cornejo<\/strong>\u00a0en las actividades de gesti\u00f3n y protocolares.<\/p>\n\n\n\n<p>FUENTE: Mdzonline.<\/p>\n","protected":false},"excerpt":{"rendered":"<p>Durante la campa\u00f1a, Alfredo Cornejo y Hebe Casado prometieron una sede en San Rafael. Las razones para no instalarse en San Rafael y el plan B. Finalmente, no se cumplir\u00e1 la promesa de campa\u00f1a de instalar una sede de la Casa de Gobierno en el sur de\u00a0Mendoza. En abril, cuando\u00a0Alfredo Cornejo\u00a0present\u00f3 a su compa\u00f1era de [&hellip;]<\/p>\n","protected":false},"author":2,"featured_media":4230,"comment_status":"open","ping_status":"open","sticky":true,"template":"","format":"standard","meta":[],"categories":[47],"tags":[],"_links":{"self":[{"href":"https:\/\/pasaenmendoza.com\/index.php?rest_route=\/wp\/v2\/posts\/4229"}],"collection":[{"href":"https:\/\/pasaenmendoza.com\/index.php?rest_route=\/wp\/v2\/posts"}],"about":[{"href":"https:\/\/pasaenmendoza.com\/index.php?rest_route=\/wp\/v2\/types\/post"}],"author":[{"embeddable":true,"href":"https:\/\/pasaenmendoza.com\/index.php?rest_route=\/wp\/v2\/users\/2"}],"replies":[{"embeddable":true,"href":"https:\/\/pasaenmendoza.com\/index.php?rest_route=%2Fwp%2Fv2%2Fcomments&post=4229"}],"version-history":[{"count":1,"href":"https:\/\/pasaenmendoza.com\/index.php?rest_route=\/wp\/v2\/posts\/4229\/revisions"}],"predecessor-version":[{"id":4231,"href":"https:\/\/pasaenmendoza.com\/index.php?rest_route=\/wp\/v2\/posts\/4229\/revisions\/4231"}],"wp:featuredmedia":[{"embeddable":true,"href":"https:\/\/pasaenmendoza.com\/index.php?rest_route=\/wp\/v2\/media\/4230"}],"wp:attachment":[{"href":"https:\/\/pasaenmendoza.com\/index.php?rest_route=%2Fwp%2Fv2%2Fmedia&parent=4229"}],"wp:term":[{"taxonomy":"category","embeddable":true,"href":"https:\/\/pasaenmendoza.com\/index.php?rest_route=%2Fwp%2Fv2%2Fcategories&post=4229"},{"taxonomy":"post_tag","embeddable":true,"href":"https:\/\/pasaenmendoza.com\/index.php?rest_route=%2Fwp%2Fv2%2Ftags&post=4229"}],"curies":[{"name":"wp","href":"https:\/\/api.w.org\/{rel}","templated":true}]}}